{"id":3313,"date":"2021-01-27T18:02:00","date_gmt":"2021-01-27T17:02:00","guid":{"rendered":"http:\/\/www.associazione-apertamente.org\/m\/?p=3313"},"modified":"2021-01-28T09:30:03","modified_gmt":"2021-01-28T08:30:03","slug":"giornata-della-memoria-2021-2","status":"publish","type":"post","link":"http:\/\/www.associazione-apertamente.org\/m\/2021\/01\/27\/giornata-della-memoria-2021-2\/","title":{"rendered":"Giornata della Memoria 2021 &#8211; Una toccante riflessione"},"content":{"rendered":"\n<p>Da ora <strong>\u00e8 online a questo indirizzo <a href=\"https:\/\/youtu.be\/pqCGZhKgPdg\">https:\/\/youtu.be\/pqCGZhKgPdg<\/a> <\/strong>un importante momento di riflessione sulla tragedia dell\u2019Olocausto e sul dovere di ricordare. L&#8217;evento \u00e8 organizzato assieme a \u00e8Storia , Coop 3.0, Kulturni dom e con la collaborazione del Collettivo Terzo Teatro di Gorizia. <\/p>\n\n\n\n<p>Inizier\u00e0 con un filmato introduttivo dalla Risiera di San Sabba a cura dello storico e ricercatore Tristano Matta. L\u2019edificio, oggi monumento nazionale, oltre ad essere campo di detenzione e smistamento verso i tanti lager in Germania e nell\u2019Est Europa fu trasformato dai nazisti anche in forno crematorio, unico in Italia, a partire dal 4 aprile 1944, con la cremazione di settanta cadaveri di ostaggi fucilati il giorno prima nel poligono di tiro di Opicina. Seguiranno due letture sceniche: la prima dallo spettacolo teatrale \u201cSavina &#8211; storia di una madre triestina deportata nei lager nazisti\u201d, vicenda ricordata nel libro di Marco Coslovich, da parte degli attori Giorgio Amodeo e Tatiana Malalan; la seconda da \u201cLa Notte\u201d di Eli Weisel, premio Nobel per la pace nel 1986, come riconoscimento del suo impegno a favore della convivenza tra i popoli e contro ogni discriminazione, da parte Giuliana Colella.<\/p>\n\n\n\n<p>A chiusura alcuni brani dalla tradizione ebraica eseguiti dal coro giovanile Audite Juvenes diretto dalla maestra Gianna Visintin, con l\u2019accompagnamento musicale di Rossella Fracaros al pianoforte e di Stefano Cascioli al violino. <\/p>\n","protected":false},"excerpt":{"rendered":"<p>Da ora \u00e8 online a questo indirizzo https:\/\/youtu.be\/pqCGZhKgPdg un importante momento di riflessione sulla tragedia dell\u2019Olocausto e sul dovere di ricordare. L&#8217;evento \u00e8 organizzato assieme a \u00e8Storia , Coop 3.0, Kulturni dom e con la collaborazione del Collettivo Terzo Teatro di Gorizia. Inizier\u00e0 con un filmato introduttivo dalla Risiera di San Sabba a cura dello storico e ricercatore Tristano Matta. L\u2019edificio, oggi monumento nazionale, oltre ad essere campo di detenzione e smistamento verso i tanti lager in Germania e nell\u2019Est<span class=\"excerpt-hellip\"> [\u2026]<\/span><\/p>\n","protected":false},"author":1,"featured_media":3314,"comment_status":"open","ping_status":"open","sticky":false,"template":"","format":"standard","meta":[],"categories":[12],"tags":[],"_links":{"self":[{"href":"http:\/\/www.associazione-apertamente.org\/m\/wp-json\/wp\/v2\/posts\/3313"}],"collection":[{"href":"http:\/\/www.associazione-apertamente.org\/m\/wp-json\/wp\/v2\/posts"}],"about":[{"href":"http:\/\/www.associazione-apertamente.org\/m\/wp-json\/wp\/v2\/types\/post"}],"author":[{"embeddable":true,"href":"http:\/\/www.associazione-apertamente.org\/m\/wp-json\/wp\/v2\/users\/1"}],"replies":[{"embeddable":true,"href":"http:\/\/www.associazione-apertamente.org\/m\/wp-json\/wp\/v2\/comments?post=3313"}],"version-history":[{"count":2,"href":"http:\/\/www.associazione-apertamente.org\/m\/wp-json\/wp\/v2\/posts\/3313\/revisions"}],"predecessor-version":[{"id":3316,"href":"http:\/\/www.associazione-apertamente.org\/m\/wp-json\/wp\/v2\/posts\/3313\/revisions\/3316"}],"wp:featuredmedia":[{"embeddable":true,"href":"http:\/\/www.associazione-apertamente.org\/m\/wp-json\/wp\/v2\/media\/3314"}],"wp:attachment":[{"href":"http:\/\/www.associazione-apertamente.org\/m\/wp-json\/wp\/v2\/media?parent=3313"}],"wp:term":[{"taxonomy":"category","embeddable":true,"href":"http:\/\/www.associazione-apertamente.org\/m\/wp-json\/wp\/v2\/categories?post=3313"},{"taxonomy":"post_tag","embeddable":true,"href":"http:\/\/www.associazione-apertamente.org\/m\/wp-json\/wp\/v2\/tags?post=3313"}],"curies":[{"name":"wp","href":"https:\/\/api.w.org\/{rel}","templated":true}]}}