{"id":3307,"date":"2021-01-15T18:54:26","date_gmt":"2021-01-15T17:54:26","guid":{"rendered":"http:\/\/www.associazione-apertamente.org\/m\/?p=3307"},"modified":"2021-01-17T09:31:05","modified_gmt":"2021-01-17T08:31:05","slug":"quel-rivoluzionario-1921","status":"publish","type":"post","link":"http:\/\/www.associazione-apertamente.org\/m\/2021\/01\/15\/quel-rivoluzionario-1921\/","title":{"rendered":"Quel rivoluzionario 1921"},"content":{"rendered":"\n<p>di Luciano Patat del 15\/01\/2021<\/p>\n\n\n\n<p><em>Il dibattito precongressuale nelle sezioni socialiste dell\u2019Isontino e della Bassa friulana, il Congresso di Livorno, la divisione del movimento operaio e contadino e le elezioni politiche del 1921<\/em><\/p>\n\n\n\n<p>Nei mesi che precedono l\u2019apertura del XVII Congresso nazionale del Partito Socialista, previsto per la fine del 1920 a Firenze e poi rinviato in gennaio a Livorno, fra gli iscritti dei territori dell\u2019ex Contea Principesca di Gorizia e Gradisca, divenuta Provincia di Gorizia alla fine della Grande guerra, si apre il dibattito sulle tre principali mozioni presentate a livello nazionale: quella massimalista proposta dal segretario Giacinto Menotti Serrati e da Adelchi Baratono, quella comunista di Amadeo Bordiga e Antonio Gramsci e quella riformista di Antonio Graziadei e Anselmo Marabini.<\/p>\n\n\n\n<p>Nelle sezioni di partito si costituiscono i gruppi che fanno riferimento agli schieramenti nazionali e vengono nominati i presentatori delle rispettive mozioni politiche. Nella provincia di Gorizia, per\u00f2, il confronto fra le mozioni si limita alle prime due dato che la corrente riformista non pu\u00f2 contare su gruppi organizzati sul territorio e di fatto confluisce in quella massimalista.<\/p>\n\n\n\n<p>Nelle assemblee precongressuali la maggioranza degli iscritti delle sezioni socialiste dell\u2019ex Friuli austriaco aderisce alla frazione massimalista mentre la quasi totalit\u00e0 dei circoli giovanili si schiera con quella comunista.<\/p>\n\n\n\n<p>I massimalisti prevalgono fra gli iscritti della sezione di Gorizia, sebbene per soli due voti, e in quasi tutte le sezioni della sinistra Isonzo e della Bassa friulana.<\/p>\n\n\n\n<p>I comunisti, invece, ottengono la maggioranza dei consensi fra i militanti della destra Isonzo e nella riunione della frazione che si tiene presso la Camera del Lavoro di Gradisca eleggono come loro rappresentante al congresso nazionale di Livorno il segretario della Cassa Ammalati di Gorizia e membro del Comitato Centrale del partito, Giuseppe Tuntar, che al Teatro \u201cSan Marco\u201d sar\u00e0 fra i delegati che daranno vita al Partito Comunista d\u2019Italia.<\/p>\n\n\n\n<p>A livello regionale \u00e8 la corrente comunista quella che conquista la maggioranza degli iscritti al partito: al Congresso di Livorno, infatti, i delegati giuliani esprimono 4.462 voti per la frazione comunista, 3.286 per quella massimalista e 30 per quella riformista. La Venezia Giulia \u00e8 la sola regione in Italia, assieme alle Marche, in cui la maggioranza degli iscritti si schiera a favore della corrente comunista ed \u00e8 quella in cui la frazione di Bordiga ottiene la percentuale di voti pi\u00f9 elevata.<\/p>\n\n\n\n<p>Nelle settimane che seguono la conclusione del Congresso e la fondazione del P.C.d\u2019I. prosegue e si intensifica nelle sezioni socialiste il dibattito fra gli iscritti per&nbsp; decidere se aderire al nuovo partito o rimanere fedeli quello vecchio.<\/p>\n\n\n\n<p>In breve tempo i rapporti di forza fra socialisti e comunisti si rovesciano: trascinati da Giuseppe Tuntar e dal segretario della Federazione Provinciale dei Lavoratori della Terra, Giovanni Minut, la maggioranza degli iscritti ed intere sezioni della provincia, in primis i circoli giovanili, passano al Partito Comunista. E\u2019 quel che avvviene a Gorizia e nei circoli della destra Isonzo sotto la spinta di alcuni esponenti locali del partito come Rodolfo Batti e Joze Srebrnic a Gorizia, Leopoldo Gasparini e Pietro Pascoli a Gradisca e Antonio Sfiligoi e Francesco Spessot a Cormons.<\/p>\n\n\n\n<p>Meno compatta \u00e8 invece l\u2019adesione al P.C.d\u2019I degli iscritti e delle sezioni del Monfalconese: se i socialisti di Fogliano, Turriaco, Pieris e Staranzano aderiscono in maggioranza al nuovo partito, la forte sezione operaia di Ronchi si divide e solo una parte dei militanti, guidata da Romano Fumis e Elio e Dante Tambarin, esce dal Partito Socialista, seguita dai giovani del locale Circolo di Cultura.<\/p>\n\n\n\n<p>A Monfalcone, dove largo consenso godono fra i militanti i dirigenti della Camera del Lavoro Luigi Tonet, Orlando Inwinkl e Alberto Bassi, la maggioranza degli iscritti rimane fedele al P.S.I., cos\u00ec come avviene nei paesi della Bassa friulana, dove i socialisti mantengono il controllo delle sezioni di Cervignano, Aiello, Ruda, Villa Vicentina e Fiumicello e solo le sezioni di Perteole, Aquileia e Terzo d\u2019Aquileia passano al Partito Comunista.<\/p>\n\n\n\n<p>La nascita del nuovo partito produce per\u00f2 una profonda frattura all\u2019interno del movimento operaio e contadino del Goriziano e assai aspra \u00e8 la battaglia che socialisti e comunisti intraprendono nei mesi successivi per trascinare dalla propria parte gli iscritti, per conquistare il controllo dei sindacati e delle cooperative e per occupare le sedi di partito e le Case del popolo.<\/p>\n\n\n\n<p>Si tratta di uno scontro duro, che conosce momenti di grande tensione e sfocia anche in scontri fisici fra i militanti ed in azioni violente, come avviene il 26 gennaio a Trieste, quando un gruppo di comunisti, rivendicando la propriet\u00e0 del giornale in base alla maggioranza ottenuta nelle assemblee precongressuali, occupa la redazione e la tipografia del quotidiano &#8220;Il Lavoratore&#8221; e lo trasforma in organo del Partito Comunista, nominando direttore Giuseppe Tuntar.<\/p>\n\n\n\n<p>La divisione fra comunisti e socialisti si trasferisce anche in campo sindacale dove si registrano forti contrasti fra le Camere del lavoro di Gorizia, Gradisca e Cormons, rette da dirigenti comunisti, e quelle di Monfalcone, Cervignano ed Aiello, rimaste sotto controllo socialista.<\/p>\n\n\n\n<p>Talvolta all&#8217;interno delle stesse organizzazioni sindacali la convivenza fra le due componenti politiche diventa difficile, come avviene alla Camera del Lavoro di Monfalcone dove la dirigenza socialista deve fare i conti con il forte sindacato dei metalmeccanici FIOM e con la Commissione interna del cantiere, che sono diretti dai comunisti.<\/p>\n\n\n\n<p>Anche la Federazione Provinciale dei Lavoratori della Terra, che riunisce le leghe rosse contadine, perde la propria compattezza interna dopo che, al congresso di Aiello, i socialisti riescono a mettere in minoranza i comunisti ed a sostituire il segretario Giovanni Minut con il socialista Guido Cociancig.<\/p>\n\n\n\n<p>Il cambio al vertice dell&#8217;organizzazione provoca per\u00f2 l\u2019opposizione di numerose leghe contadine che non riconoscono il nuovo segretario e che decidono di uscire dall\u2019organizzazione provinciale e di aderire alle Camere del lavoro dirette dai comunisti.<\/p>\n\n\n\n<p>Ancora pi\u00f9 grave \u00e8 quanto si verifica alla Cassa Ammalati di Gorizia, dal 1909 retta da una maggioranza socialista. Nel consiglio di amministrazione quattro dei sei delegati di nomina operaia aderiscono al Partito Comunista mentre gli altri due, che rimangono fedeli al Partito Socialista, si accordano con i tre rappresentanti dei datori di lavoro e nella riunione del 19 aprile 1921 mettono in minoranza i comunisti e licenziano il direttore Giuseppe Tuntar. Con tale operazione viene bloccata l\u2019attivit\u00e0 dell\u2019ente e di fatto i rappresentanti dei lavoratori perdono il controllo dell\u2019importante istituzione dato che, pochi mesi dopo, il prefetto procede alla nomina di un commissario.<\/p>\n\n\n\n<p>I nuovi rapporti di forza che si vengono a creare fra i partiti si misurano alle elezioni politiche del 15 maggio 1921, quando per la prima volta i cittadini (maschi) dei territori ex austriaci vengono chiamati al voto per eleggere i propri rappresentanti al Parlamento italiano.<\/p>\n\n\n\n<p>I partiti che si presentano nel Collegio elettorale della provincia di Gorizia sono sei: la Concentrazione Slava, il Partito Comunista, il Blocco Nazionale, il Partito Socialista, il Partito Popolare e il Partito Repubblicano.<\/p>\n\n\n\n<p>La Concentrazione Slava, che ottiene la stragrande maggioranza dei consensi nei paesi sloveni, elegge quattro dei cinque deputati assegnati al collegio provinciale mentre il Partito Comunista si afferma come il partito di maggioranza relativa nella parte italiana della provincia ed invia al Parlamento nazionale il suo principale esponente: Giuseppe Tuntar.<\/p>\n\n\n\n<p>Nei comuni dell\u2019Isontino e della Bassa friulana il Partito Comunista ottiene 6.782 voti, pari al 32% dei consensi, seguito dal Blocco Nazionale, che raggruppa liberali, nazionalisti e fascisti, con 4.873 voti e il 23%, e dal Partito Socialista con 4.721 voti ed il 22%. Pi\u00f9 distanziati il Partito Popolare che conquista 2.630 voti ed il 12% dei consensi, il Partito Repubblicano con il 6% e la Concentrazione Slava con il 3%.<\/p>\n\n\n\n<p>Grazie soprattutto al voto dei contadini, il P.C.d\u2019I. ottiene i migliori risultati nei mandamenti di Cormons e di Gradisca dove conquista oltre 3.500 voti e quasi il 60% dei consensi ed \u00e8 primo in tutti i municipi della destra Isonzo, compresi quelli sloveni di Piedimonte e San Floriano del Collio, con la sola eccezione di quello di Villesse dove invece, per pochi voti, prevalgono i socialisti.<\/p>\n\n\n\n<p>Nel distretto di Monfalcone il successo comunista \u00e8 meno netto: ad eccezione di Fogliano dove prevale il Blocco Nazionale, i comunisti conquistano oltre il 35% dei consensi e vincono in tutti i comuni della cintura operaia, compreso quello sloveno di Doberd\u00f2, ma sono terzi nella citt\u00e0 dei cantieri dove vengono superati dal Partito Socialista, che si conferma il primo partito, e dal Blocco Nazionale.<\/p>\n\n\n\n<p>Nella Bassa Friulana a vincere le elezioni \u00e8 invece il Partito Socialista che, con quasi il 50% dei consensi, prevale nella grande maggioranza dei comuni conquistando anche la vecchia roccaforte liberalnazionale di Cervignano, mentre la lista comunista ottiene poco pi\u00f9 del 13% dei voti e la quarta posizione, dietro il Blocco Nazionale e il Partito Popolare e si afferma come primo partito solo nei comuni di Perteole, Campolongo al Torre e Terzo d\u2019Aquileia.<\/p>\n\n\n\n<p>Ancora diverso \u00e8 l\u2019esito delle elezioni nella citt\u00e0 di Gorizia dove il partito pi\u00f9 votato \u00e8 il Blocco Nazionale, seguito dalla Concentrazione Slava e dal Partito Comunista, e a Grado dove a vincere le elezioni \u00e8 il Partito Popolare che si impone con un solo voto di scarto sul Partito Repubblicano e dove i comunisti si collocano al quarto posto, dietro il Blocco Nazionale.<\/p>\n\n\n\n<p><\/p>\n","protected":false},"excerpt":{"rendered":"<p>di Luciano Patat del 15\/01\/2021 Il dibattito precongressuale nelle sezioni socialiste dell\u2019Isontino e della Bassa friulana, il Congresso di Livorno, la divisione del movimento operaio e contadino e le elezioni politiche del 1921 Nei mesi che precedono l\u2019apertura del XVII Congresso nazionale del Partito Socialista, previsto per la fine del 1920 a Firenze e poi rinviato in gennaio a Livorno, fra gli iscritti dei territori dell\u2019ex Contea Principesca di Gorizia e Gradisca, divenuta Provincia di Gorizia alla fine della Grande<span class=\"excerpt-hellip\"> [\u2026]<\/span><\/p>\n","protected":false},"author":1,"featured_media":3311,"comment_status":"open","ping_status":"open","sticky":false,"template":"","format":"standard","meta":[],"categories":[10],"tags":[],"_links":{"self":[{"href":"http:\/\/www.associazione-apertamente.org\/m\/wp-json\/wp\/v2\/posts\/3307"}],"collection":[{"href":"http:\/\/www.associazione-apertamente.org\/m\/wp-json\/wp\/v2\/posts"}],"about":[{"href":"http:\/\/www.associazione-apertamente.org\/m\/wp-json\/wp\/v2\/types\/post"}],"author":[{"embeddable":true,"href":"http:\/\/www.associazione-apertamente.org\/m\/wp-json\/wp\/v2\/users\/1"}],"replies":[{"embeddable":true,"href":"http:\/\/www.associazione-apertamente.org\/m\/wp-json\/wp\/v2\/comments?post=3307"}],"version-history":[{"count":1,"href":"http:\/\/www.associazione-apertamente.org\/m\/wp-json\/wp\/v2\/posts\/3307\/revisions"}],"predecessor-version":[{"id":3309,"href":"http:\/\/www.associazione-apertamente.org\/m\/wp-json\/wp\/v2\/posts\/3307\/revisions\/3309"}],"wp:featuredmedia":[{"embeddable":true,"href":"http:\/\/www.associazione-apertamente.org\/m\/wp-json\/wp\/v2\/media\/3311"}],"wp:attachment":[{"href":"http:\/\/www.associazione-apertamente.org\/m\/wp-json\/wp\/v2\/media?parent=3307"}],"wp:term":[{"taxonomy":"category","embeddable":true,"href":"http:\/\/www.associazione-apertamente.org\/m\/wp-json\/wp\/v2\/categories?post=3307"},{"taxonomy":"post_tag","embeddable":true,"href":"http:\/\/www.associazione-apertamente.org\/m\/wp-json\/wp\/v2\/tags?post=3307"}],"curies":[{"name":"wp","href":"https:\/\/api.w.org\/{rel}","templated":true}]}}