{"id":3290,"date":"2021-01-15T18:55:00","date_gmt":"2021-01-15T17:55:00","guid":{"rendered":"http:\/\/www.associazione-apertamente.org\/m\/?p=3290"},"modified":"2021-01-15T18:55:24","modified_gmt":"2021-01-15T17:55:24","slug":"giornata-della-memoria-2021","status":"publish","type":"post","link":"http:\/\/www.associazione-apertamente.org\/m\/2021\/01\/15\/giornata-della-memoria-2021\/","title":{"rendered":"Giornata della memoria 2021"},"content":{"rendered":"\n<p>di Paolo Polli del 12\/01\/2021 &#8211; La Repubblica italiana riconosce il giorno&nbsp;<a href=\"x-apple-data-detectors:\/\/0\">27 gennaio<\/a>, data dell&#8217;abbattimento dei cancelli di Auschwitz, come &#8220;Giorno della Memoria&#8221;, al fine di ricordare la Shoah, le leggi razziali, la persecuzione italiana dei cittadini ebrei, gli italiani che hanno sub\u00ecto la deportazione, la prigionia, la morte, nonch\u00e9 coloro che, anche in campi e schieramenti diversi, si sono opposti al progetto di sterminio e, a rischio della propria vita, hanno salvato altre vite e protetto i perseguitati.<\/p>\n\n\n\n<p>La legge cerca di prendere in carico il ricordo tremendo di quanto \u00e8 accaduto e la responsabilit\u00e0 preventiva di una comunit\u00e0 nei confronti del futuro.<\/p>\n\n\n\n<p>Lo scopo indicato dalla legge nell\u2019articolo 2, \u00e8 proprio quello di &#8220;conservare nel futuro dell\u2019Italia la memoria di un tragico ed oscuro periodo della storia nel nostro Paese e in Europa, e affinch\u00e9 simili eventi non possano mai pi\u00f9 accadere&#8221;.&nbsp;<\/p>\n\n\n\n<p>Primo Levi, il grande scrittore italiano deportato e sopravvissuto al lager di Auschwitz, ha scritto che ogni qualvolta si pensa che uno straniero, o un diverso da noi, \u00e8 un Nemico, si pongono le premesse di una catena il cui tragico approdo \u00e8 il Lager, il campo di sterminio.<br>Anche quest\u2019anno l\u2019Associazione culturale Apertamente celebrer\u00e0 il Giorno della Memoria anche se, vista la perdurante situazione pandemica, con modalit\u00e0 diverse dagli anni scorsi.<\/p>\n\n\n\n<p>Il prossimo&nbsp;<a href=\"x-apple-data-detectors:\/\/1\">27 gennaio<\/a>&nbsp;sar\u00e0 online, anche a diffusione nazionale, un importante momento di riflessione sulla tragedia dell\u2019Olocausto e sul dovere di ricordare.<br>Organizzata&nbsp; assieme a <strong>\u00e8Storia<\/strong> , <strong>Coop 3.0, Kulturni<\/strong> <strong>dom<\/strong> e con la collaborazione del <strong>Collettivo Terzo Teatro<\/strong> di Gorizia, l\u2019iniziativa sar\u00e0 visibile sul sito e il canale Facebook dell\u2019associazione <strong>Apertamente<\/strong> e degli altri collaboratori, a partire dalle ore 18.<\/p>\n\n\n\n<p>Si inizier\u00e0 con un filmato introduttivo dalla Risiera di San Sabba a cura dello storico e ricercatore Tristano Matta L\u2019edificio, oggi monumento nazionale, oltre ad essere campo di detenzione e smistamento verso i tanti lager in Germania e nell\u2019Est Europa fu trasformato dai nazisti anche in forno crematorio, unico in Italia,&nbsp;<a href=\"x-apple-data-detectors:\/\/3\">a partire dal 4<\/a>&nbsp;aprile 1944, con la cremazione di settanta cadaveri di ostaggi fucilati il giorno prima nel poligono di tiro di Opicina.<\/p>\n\n\n\n<p>Seguiranno due letture sceniche: la prima dallo spettacolo teatrale \u201cSavina &#8211; storia di una madre triestina deportata nei lager nazisti\u201d, vicenda ricordata nel libro di Marco Coslovich, da parte degli attori Giorgio Amodeo e Tatiana Malalan; la seconda da \u201cLa Notte\u201d di Eli Weisel, premio Nobel per la pace nel 1986, come&nbsp;riconoscimento del suo impegno a favore della convivenza tra i popoli e contro ogni discriminazione,&nbsp;da parte Giuliana Colella.<\/p>\n\n\n\n<p>A chiusura alcuni brani dalla tradizione ebraica eseguiti dal coro giovanile Audite Juvenes diretto dalla maestra Gianna Visintin, con l\u2019accompagnamento musicale di Rossella Fracaros al pianoforte e di Stefano Cascioli al violino.<br>Pure nelle difficolt\u00e0 del momento che ci costringono al distanziamento, Apertamente ,assieme agli altri collaboratori dell\u2019iniziativa, ha voluto confermare il suo impegno per ricordare la pi\u00f9 grande tragedia del secolo scorso, affinch\u00e9 la memoria di ci\u00f2 che \u00e8 accaduto non sia mai smarrita e ci guidi nella costruzione di un mondo senza pi\u00f9 odi razziali, etnici e religiosi.<\/p>\n\n\n\n<p><em>Paolo Polli<\/em><\/p>\n","protected":false},"excerpt":{"rendered":"<p>di Paolo Polli del 12\/01\/2021 &#8211; La Repubblica italiana riconosce il giorno&nbsp;27 gennaio, data dell&#8217;abbattimento dei cancelli di Auschwitz, come &#8220;Giorno della Memoria&#8221;, al fine di ricordare la Shoah, le leggi razziali, la persecuzione italiana dei cittadini ebrei, gli italiani che hanno sub\u00ecto la deportazione, la prigionia, la morte, nonch\u00e9 coloro che, anche in campi e schieramenti diversi, si sono opposti al progetto di sterminio e, a rischio della propria vita, hanno salvato altre vite e protetto i perseguitati. La<span class=\"excerpt-hellip\"> [\u2026]<\/span><\/p>\n","protected":false},"author":1,"featured_media":3291,"comment_status":"open","ping_status":"open","sticky":false,"template":"","format":"standard","meta":[],"categories":[12],"tags":[],"_links":{"self":[{"href":"http:\/\/www.associazione-apertamente.org\/m\/wp-json\/wp\/v2\/posts\/3290"}],"collection":[{"href":"http:\/\/www.associazione-apertamente.org\/m\/wp-json\/wp\/v2\/posts"}],"about":[{"href":"http:\/\/www.associazione-apertamente.org\/m\/wp-json\/wp\/v2\/types\/post"}],"author":[{"embeddable":true,"href":"http:\/\/www.associazione-apertamente.org\/m\/wp-json\/wp\/v2\/users\/1"}],"replies":[{"embeddable":true,"href":"http:\/\/www.associazione-apertamente.org\/m\/wp-json\/wp\/v2\/comments?post=3290"}],"version-history":[{"count":2,"href":"http:\/\/www.associazione-apertamente.org\/m\/wp-json\/wp\/v2\/posts\/3290\/revisions"}],"predecessor-version":[{"id":3310,"href":"http:\/\/www.associazione-apertamente.org\/m\/wp-json\/wp\/v2\/posts\/3290\/revisions\/3310"}],"wp:featuredmedia":[{"embeddable":true,"href":"http:\/\/www.associazione-apertamente.org\/m\/wp-json\/wp\/v2\/media\/3291"}],"wp:attachment":[{"href":"http:\/\/www.associazione-apertamente.org\/m\/wp-json\/wp\/v2\/media?parent=3290"}],"wp:term":[{"taxonomy":"category","embeddable":true,"href":"http:\/\/www.associazione-apertamente.org\/m\/wp-json\/wp\/v2\/categories?post=3290"},{"taxonomy":"post_tag","embeddable":true,"href":"http:\/\/www.associazione-apertamente.org\/m\/wp-json\/wp\/v2\/tags?post=3290"}],"curies":[{"name":"wp","href":"https:\/\/api.w.org\/{rel}","templated":true}]}}