{"id":3285,"date":"2020-12-31T09:44:04","date_gmt":"2020-12-31T08:44:04","guid":{"rendered":"http:\/\/www.associazione-apertamente.org\/m\/?p=3285"},"modified":"2020-12-31T09:44:05","modified_gmt":"2020-12-31T08:44:05","slug":"shooting-in-sarajevo-2","status":"publish","type":"post","link":"http:\/\/www.associazione-apertamente.org\/m\/2020\/12\/31\/shooting-in-sarajevo-2\/","title":{"rendered":"Shooting in Sarajevo"},"content":{"rendered":"\n<p><em>La strada che va dal ponte Skenderija al ponte Vrbanja, passando sulla sponda sinistra del fiume Miljacka, \u00e8 la pi\u00f9 breve via per raggiungere dal centro citt\u00e0 il quartiere Grbavica. Percorrevo questa strada ogni giorno, tornando a casa, e continuavo a percorrerla nei primi giorni di guerra, nell\u2019aprile 1992. La zona \u00e8 aperta, soleggiata, a destra scorre il fiume Miljacka e a sinistra ci sono le falde del monte Trebevi\u0107 con le basse case famigliari circondate dai giardini. All\u2019inizio di aprile a Sarajevo ci furono le prime vittime. Cos\u00ec abbiamo saputo che i cecchini e l\u2019artiglieria erano gi\u00e0 posizionati sui monti intorno alla citt\u00e0. A mezzogiorno, per la paura, le vie della citt\u00e0 si svuotavano, e tornando a casa incontravo poca gente, talvolta nessuno..<\/em> Azra Nuhefendi\u0107<\/p>\n\n\n\n<p>Autore: Luigi Ottani<br>a cura di Roberta Biagiarelli<br>Testi di: Luigi Ottani, Jovan Divjak, Azra Nuhefendi\u0107, Gigi Riva, Mario Boccia, Roberta Biagiarelli, Carlo Saletti;<\/p>\n","protected":false},"excerpt":{"rendered":"<p>La strada che va dal ponte Skenderija al ponte Vrbanja, passando sulla sponda sinistra del fiume Miljacka, \u00e8 la pi\u00f9 breve via per raggiungere dal centro citt\u00e0 il quartiere Grbavica. Percorrevo questa strada ogni giorno, tornando a casa, e continuavo a percorrerla nei primi giorni di guerra, nell\u2019aprile 1992. La zona \u00e8 aperta, soleggiata, a destra scorre il fiume Miljacka e a sinistra ci sono le falde del monte Trebevi\u0107 con le basse case famigliari circondate dai giardini. All\u2019inizio di<span class=\"excerpt-hellip\"> [\u2026]<\/span><\/p>\n","protected":false},"author":1,"featured_media":3286,"comment_status":"open","ping_status":"open","sticky":false,"template":"","format":"standard","meta":[],"categories":[17],"tags":[],"_links":{"self":[{"href":"http:\/\/www.associazione-apertamente.org\/m\/wp-json\/wp\/v2\/posts\/3285"}],"collection":[{"href":"http:\/\/www.associazione-apertamente.org\/m\/wp-json\/wp\/v2\/posts"}],"about":[{"href":"http:\/\/www.associazione-apertamente.org\/m\/wp-json\/wp\/v2\/types\/post"}],"author":[{"embeddable":true,"href":"http:\/\/www.associazione-apertamente.org\/m\/wp-json\/wp\/v2\/users\/1"}],"replies":[{"embeddable":true,"href":"http:\/\/www.associazione-apertamente.org\/m\/wp-json\/wp\/v2\/comments?post=3285"}],"version-history":[{"count":1,"href":"http:\/\/www.associazione-apertamente.org\/m\/wp-json\/wp\/v2\/posts\/3285\/revisions"}],"predecessor-version":[{"id":3287,"href":"http:\/\/www.associazione-apertamente.org\/m\/wp-json\/wp\/v2\/posts\/3285\/revisions\/3287"}],"wp:featuredmedia":[{"embeddable":true,"href":"http:\/\/www.associazione-apertamente.org\/m\/wp-json\/wp\/v2\/media\/3286"}],"wp:attachment":[{"href":"http:\/\/www.associazione-apertamente.org\/m\/wp-json\/wp\/v2\/media?parent=3285"}],"wp:term":[{"taxonomy":"category","embeddable":true,"href":"http:\/\/www.associazione-apertamente.org\/m\/wp-json\/wp\/v2\/categories?post=3285"},{"taxonomy":"post_tag","embeddable":true,"href":"http:\/\/www.associazione-apertamente.org\/m\/wp-json\/wp\/v2\/tags?post=3285"}],"curies":[{"name":"wp","href":"https:\/\/api.w.org\/{rel}","templated":true}]}}