{"id":3281,"date":"2020-12-31T09:01:40","date_gmt":"2020-12-31T08:01:40","guid":{"rendered":"http:\/\/www.associazione-apertamente.org\/m\/?p=3281"},"modified":"2020-12-31T09:01:41","modified_gmt":"2020-12-31T08:01:41","slug":"per-il-2021-un-vocabolario-del-cambiamento","status":"publish","type":"post","link":"http:\/\/www.associazione-apertamente.org\/m\/2020\/12\/31\/per-il-2021-un-vocabolario-del-cambiamento\/","title":{"rendered":"Per il 2021: un vocabolario del cambiamento"},"content":{"rendered":"\n<p>di Loredana Panariti del 31\/12\/2020<\/p>\n\n\n\n<p>Pensando all\u2019anno che verr\u00e0 mi \u00e8 ritornato alla memoria il giovane gambero che aveva deciso di imparare a camminare in avanti raccontato da Gianni Rodari. <em>\u201cCominci\u00f2 a esercitarsi di nascosto e nei primi giorni l\u2019impresa gli cost\u00f2 moltissima fatica: urtava dappertutto, si ammaccava la corazza, si schiacciava le zampette &#8230;\u00a0 Quando fu ben sicuro di s\u00e9, si present\u00f2 alla sua famiglia e fece una magnifica corsetta in avanti\u201d.<\/em><\/p>\n\n\n\n<p>Non \u00e8 facile cambiare l\u2019ordine delle cose, ma dovremmo seguire l\u2019esempio del giovane gambero e provare non solo a fare, ma anche a pensare diversamente rispetto al passato. So bene che molti di noi si accontenterebbero di un 2021 del tutto normale, ma il fatto \u00e8 che normale non potr\u00e0 essere. Ci sono questioni come quella di non essere riusciti a garantire fino in fondo bambini e anziani e di un sistema sanitario che non sempre si \u00e8 dimostrato all\u2019altezza, nonostante lo straordinario impegno degli operatori, che non possiamo liquidare in fretta mettendo un punto e cambiando riga.<\/p>\n\n\n\n<p>Gli effetti sull\u2019economia e sul mercato del lavoro dei prolungati periodi di chiusura imposti per scongiurare la diffusione del virus hanno gi\u00e0 colpito pesantemente molto lavoratori e lavoratrici, specialmente i giovani e le donne precari, persone che avranno bisogno del sostegno delle istituzioni e, in generale, del Paese.<\/p>\n\n\n\n<p>Cambiare paradigma, ragionamenti, prospettiva. Lo affermano tutti, niente potr\u00e0 essere come prima, \u00e8 necessario un cambio di passo. Le soluzioni proposte, tuttavia, sono diverse e alcune pure poco convincenti. Bisognerebbe essere semplici e cominciare a dire che l\u2019obiettivo \u00e8 quello di ridurre le disuguaglianze e che i progetti che saranno finanziati con i fondi europei che hanno il bel nome di Next generation EU, (nome che potrebbe parere anche preoccupante se pensiamo che saranno proprio le generazioni future a pagare i debiti che facciano oggi), devono rispondere a un\u2019unica domanda: \u201cRiducono le disuguaglianze?\u201d Intorno alle risposte affermative vanno costruite le politiche, cercando di consolidare quel senso di fiducia nello Stato che pare essersi rafforzato durante l\u2019anno appena passato. La fiducia \u00e8 fatta di informazioni corrette, reti solidali e spesa pubblica adeguata. Pubblica, quindi per tutti, a favore di tutti. In questa direzione andrebbe fatta anche una riflessione sulle spese militari.<\/p>\n\n\n\n<p>La posta in gioco \u00e8 molto alta perch\u00e9 il modello della crescita a tutti i costi ha attecchito in modo pervasivo in tutto il pianeta e, come dimostra la crisi della sinistra, mancano le parole necessarie per immaginare, e quindi costruire, un nuovo modello economico. Se non ci sono le parole, se i nostri pensieri restano colonizzati dall\u2019idea che la disoccupazione sia fisiologica e ci penser\u00e0 il mercato a rimettere a posto le cose, non saremo in grado di realizzare il nuovo vocabolario che ci serve. C\u2019\u00e8 da dire anche che le questioni complesse richiedono studio, pazienza e perseveranza e dobbiamo diffidare degli slogan facili e a buon mercato e dell\u2019idea che una buona comunicazione (anche senza sostanza) risolva di per s\u00e9 i problemi.<\/p>\n\n\n\n<p>Il nostro gambero, per sperimentare il cambiamento, \u00e8 stato preso per pazzo e cacciato di casa. Cos\u00ec conclude Rodari: <em>Andr\u00e0 lontano? Far\u00e0 fortuna? Raddrizzer\u00e0 tutte le cose storte di questo mondo? Noi non lo sappiamo, perch\u00e9 egli sta ancora marciando con il coraggio e la decisione del primo giorno. Possiamo solo augurargli, di tutto cuore: Buon viaggio!<\/em>&nbsp;<\/p>\n\n\n\n<p>Ed \u00e8 lo stesso augurio che mi faccio e che vi faccio per il 2021. Coraggio, determinazione e volont\u00e0. Buon anno!<\/p>\n","protected":false},"excerpt":{"rendered":"<p>di Loredana Panariti del 31\/12\/2020 Pensando all\u2019anno che verr\u00e0 mi \u00e8 ritornato alla memoria il giovane gambero che aveva deciso di imparare a camminare in avanti raccontato da Gianni Rodari. \u201cCominci\u00f2 a esercitarsi di nascosto e nei primi giorni l\u2019impresa gli cost\u00f2 moltissima fatica: urtava dappertutto, si ammaccava la corazza, si schiacciava le zampette &#8230;\u00a0 Quando fu ben sicuro di s\u00e9, si present\u00f2 alla sua famiglia e fece una magnifica corsetta in avanti\u201d. Non \u00e8 facile cambiare l\u2019ordine delle cose,<span class=\"excerpt-hellip\"> [\u2026]<\/span><\/p>\n","protected":false},"author":1,"featured_media":3282,"comment_status":"open","ping_status":"open","sticky":false,"template":"","format":"standard","meta":[],"categories":[12],"tags":[],"_links":{"self":[{"href":"http:\/\/www.associazione-apertamente.org\/m\/wp-json\/wp\/v2\/posts\/3281"}],"collection":[{"href":"http:\/\/www.associazione-apertamente.org\/m\/wp-json\/wp\/v2\/posts"}],"about":[{"href":"http:\/\/www.associazione-apertamente.org\/m\/wp-json\/wp\/v2\/types\/post"}],"author":[{"embeddable":true,"href":"http:\/\/www.associazione-apertamente.org\/m\/wp-json\/wp\/v2\/users\/1"}],"replies":[{"embeddable":true,"href":"http:\/\/www.associazione-apertamente.org\/m\/wp-json\/wp\/v2\/comments?post=3281"}],"version-history":[{"count":1,"href":"http:\/\/www.associazione-apertamente.org\/m\/wp-json\/wp\/v2\/posts\/3281\/revisions"}],"predecessor-version":[{"id":3283,"href":"http:\/\/www.associazione-apertamente.org\/m\/wp-json\/wp\/v2\/posts\/3281\/revisions\/3283"}],"wp:featuredmedia":[{"embeddable":true,"href":"http:\/\/www.associazione-apertamente.org\/m\/wp-json\/wp\/v2\/media\/3282"}],"wp:attachment":[{"href":"http:\/\/www.associazione-apertamente.org\/m\/wp-json\/wp\/v2\/media?parent=3281"}],"wp:term":[{"taxonomy":"category","embeddable":true,"href":"http:\/\/www.associazione-apertamente.org\/m\/wp-json\/wp\/v2\/categories?post=3281"},{"taxonomy":"post_tag","embeddable":true,"href":"http:\/\/www.associazione-apertamente.org\/m\/wp-json\/wp\/v2\/tags?post=3281"}],"curies":[{"name":"wp","href":"https:\/\/api.w.org\/{rel}","templated":true}]}}