{"id":3275,"date":"2020-12-31T08:55:28","date_gmt":"2020-12-31T07:55:28","guid":{"rendered":"http:\/\/www.associazione-apertamente.org\/m\/?p=3275"},"modified":"2020-12-31T09:03:23","modified_gmt":"2020-12-31T08:03:23","slug":"la-tuta-gialla-di-nordio-zorzenon","status":"publish","type":"post","link":"http:\/\/www.associazione-apertamente.org\/m\/2020\/12\/31\/la-tuta-gialla-di-nordio-zorzenon\/","title":{"rendered":"La tuta gialla di Nordio Zorzenon"},"content":{"rendered":"\n<p>di <strong>Davide Strukelj<\/strong> del 31\/12\/2020<\/p>\n\n\n\n<p>Cos&#8217;\u00e8 la classe sociale se non la percezione di appartenenza? E cosa c&#8217;\u00e8 di veramente potente nel desiderio di appartenere alla propria classe sociale se non il profondo senso di comunit\u00e0 che essa infonde nei suoi membri?<\/p>\n\n\n\n<p>Inserito nella propria comunit\u00e0, che assume il significato di abitudini, linguaggio, ideali e dinamiche sociali, ogni individuo si muove tra le certezze determinate dall\u2019intima conoscenza degli altri componenti. E dove non arriva l&#8217;esperienza diretta arriva la consapevolezza del sentire comune, che \u00e8 l&#8217;opinione pubblica della propria classe sociale. Elisabeth Noelle-Neumann scrisse che l&#8217;individuo rifugge la sensazione di sentirsi isolato, ne fiuta il rischio ancor prima che questo si concretizzi e assume tutti i comportamenti necessari a scongiurarlo (&#8220;<em>La spirale del silenzio<\/em>&#8220;, 1984).<\/p>\n\n\n\n<p>Negli anni caldi della lotta operaia, quando i miasmi del fascismo sconfitto dalla guerra tenevano banco nei discorsi ufficiali e nella chiacchiera del bar e i piccoli personaggi del potere locale del ventennio spesso occupavano ancora posizioni di rilievo, la classe era identit\u00e0. Chi stava fuori era il nemico.<\/p>\n\n\n\n<p>Da questo conflitto tra categorie sociali nasce il racconto del disagio interiore di un uomo che vive la discrasia tra una realt\u00e0 da sempre guardata come un traguardo lavorativo e la sensazione intima di non appartenere alla nuova classe sociale raggiunta.&nbsp;<\/p>\n\n\n\n<p>Ma ormai il dado \u00e8&nbsp;tratto&nbsp;e se da un lato il nuovo status pare irraggiungibile, dall&#8217;altro il travagliato percorso personale viene quotidianamente gravato dall\u2019assillante percezione di non appartenere pi\u00f9 al rassicurante \u201cmondo di ieri\u201d.<\/p>\n\n\n\n<p>Nel descrivere questo profondo&nbsp;smarrimento personale, l&#8217;autore&nbsp;compone una preziosa immagine di un luogo, di un tempo&nbsp;e di un lavoro che \u00e8 stato per decenni la vita stessa degli operai che si sono dedicati alla costruzione delle grandi navi.<\/p>\n","protected":false},"excerpt":{"rendered":"<p>di Davide Strukelj del 31\/12\/2020 Cos&#8217;\u00e8 la classe sociale se non la percezione di appartenenza? E cosa c&#8217;\u00e8 di veramente potente nel desiderio di appartenere alla propria classe sociale se non il profondo senso di comunit\u00e0 che essa infonde nei suoi membri? Inserito nella propria comunit\u00e0, che assume il significato di abitudini, linguaggio, ideali e dinamiche sociali, ogni individuo si muove tra le certezze determinate dall\u2019intima conoscenza degli altri componenti. E dove non arriva l&#8217;esperienza diretta arriva la consapevolezza del<span class=\"excerpt-hellip\"> [\u2026]<\/span><\/p>\n","protected":false},"author":1,"featured_media":3276,"comment_status":"open","ping_status":"open","sticky":false,"template":"","format":"standard","meta":[],"categories":[13],"tags":[],"_links":{"self":[{"href":"http:\/\/www.associazione-apertamente.org\/m\/wp-json\/wp\/v2\/posts\/3275"}],"collection":[{"href":"http:\/\/www.associazione-apertamente.org\/m\/wp-json\/wp\/v2\/posts"}],"about":[{"href":"http:\/\/www.associazione-apertamente.org\/m\/wp-json\/wp\/v2\/types\/post"}],"author":[{"embeddable":true,"href":"http:\/\/www.associazione-apertamente.org\/m\/wp-json\/wp\/v2\/users\/1"}],"replies":[{"embeddable":true,"href":"http:\/\/www.associazione-apertamente.org\/m\/wp-json\/wp\/v2\/comments?post=3275"}],"version-history":[{"count":1,"href":"http:\/\/www.associazione-apertamente.org\/m\/wp-json\/wp\/v2\/posts\/3275\/revisions"}],"predecessor-version":[{"id":3277,"href":"http:\/\/www.associazione-apertamente.org\/m\/wp-json\/wp\/v2\/posts\/3275\/revisions\/3277"}],"wp:featuredmedia":[{"embeddable":true,"href":"http:\/\/www.associazione-apertamente.org\/m\/wp-json\/wp\/v2\/media\/3276"}],"wp:attachment":[{"href":"http:\/\/www.associazione-apertamente.org\/m\/wp-json\/wp\/v2\/media?parent=3275"}],"wp:term":[{"taxonomy":"category","embeddable":true,"href":"http:\/\/www.associazione-apertamente.org\/m\/wp-json\/wp\/v2\/categories?post=3275"},{"taxonomy":"post_tag","embeddable":true,"href":"http:\/\/www.associazione-apertamente.org\/m\/wp-json\/wp\/v2\/tags?post=3275"}],"curies":[{"name":"wp","href":"https:\/\/api.w.org\/{rel}","templated":true}]}}