{"id":3256,"date":"2020-12-13T10:55:03","date_gmt":"2020-12-13T09:55:03","guid":{"rendered":"http:\/\/www.associazione-apertamente.org\/m\/?p=3256"},"modified":"2020-12-15T10:36:00","modified_gmt":"2020-12-15T09:36:00","slug":"buone-feste-compatibilmente","status":"publish","type":"post","link":"http:\/\/www.associazione-apertamente.org\/m\/2020\/12\/13\/buone-feste-compatibilmente\/","title":{"rendered":"Buone feste, \u2026compatibilmente"},"content":{"rendered":"\n<p>di Paolo Polli del 13\/12\/2020<\/p>\n\n\n\n<p>Ciao a tutti.<br>Il sito di Apertamente torner\u00e0 con gli aggiornamenti a gennaio, intanto voglio ringraziare tutti i collaboratori e gli amici che contribuiscono ad arricchire e diffondere il nostro lavoro, come dimostra il grande numero di contatti raggiunti in questi anni, ben un milione e 30 mila visitatori unici.<br>Approfittiamo per fare gli auguri di Buone Feste e per un 2021 di salute e serenit\u00e0, dopo la tragedia di questo anno orribile che ha sconvolto l\u2019Italia, il mondo, e ci sta provando tutti.<br>Non ne siamo ancora fuori, servir\u00e0 molta pazienza, ma l&#8217;arrivo dei vaccini e il loro utilizzo diffuso a partire da gennaio ci autorizza a sperare in un anno diverso, a un ritorno alla normalit\u00e0, quanto meno dal punto di vista sanitario.<br>Ben altro discorso invece per quanto riguarda la ripresa economica disastrata, soprattutto nelle piccole e medie aziende, nel piccolo commercio, nell&#8217;artigianato; servir\u00e0 una vera e propria ricostruzione dalle macerie che la pandemia ha lasciato e continuer\u00e0 a lasciare ancora per tanto tempo. Bisogner\u00e0 fare ripartire l&#8217;economia, risolvere le nuove, tante, povert\u00e0 che l\u2019epidemia ha fatto emergere e le diseguaglianze sociali che ha acuito.<br>Determinanti saranno le risorse che l&#8217;Europa ha messo a disposizione del nostro paese, i famosi 209 miliardi di cui tanto si parla in questi giorni: forse ancora pochi per i tanti campi in cui dovrebbero essere utilizzati, molti per la macchina che dovr\u00e0 contribuire a definire ambiti e quantit\u00e0 di utilizzo.<br>\u00c8 corretto coinvolgere competenze esterne ma fondamentale deve rimanere l&#8217;indirizzo e la decisione politica, figlia della volont\u00e0 espressa dagli elettori. Ad ognuno il suo mestiere, insomma.<br>L\u2019Italia deve saper cogliere questa grande opportunit\u00e0 ma proprio la politica dovr\u00e0 dimostrare di essere all&#8217;altezza della sfida che abbiamo davanti, come ha saputo fare nel passato.<br>Per superare le difficolt\u00e0 e immaginare un Paese migliore, \u00e8 necessario che la classe politica, a tutti i livelli, si attrezzi per governare al meglio la cosa pubblica, si preoccupi dei contenuti, degli ideali e delle competenze, senza credere che basti sapersi destreggiare sui social, nei talk show, e nella perenne guerriglia verbale a cui assistiamo da troppo tempo.<br>Serve pi\u00f9 preparazione, umilt\u00e0, affidabilit\u00e0 e unit\u00e0 di intenti quando \u00e8 in gioco il futuro del paese e delle nuove generazioni. Serve alla politica ma anche a tutto la classe dirigente di questo Paese, alla \u201csociet\u00e0 civile\u201d troppo spesso capace solo di scaricare sulla politica le sue mancanze. Servir\u00e0 tanta cultura, dialogo e approfondimento e su questo noi continueremo a fare la nostra piccolissima parte.<br>Poi, speriamo di ricominciare con le iniziative da fare tutti insieme.<\/p>\n\n\n\n<p>Un caro saluto e un auguri a tutti.<\/p>\n\n\n\n<p><em>Paolo Polli<br><br><\/em><\/p>\n","protected":false},"excerpt":{"rendered":"<p>di Paolo Polli del 13\/12\/2020 Ciao a tutti.Il sito di Apertamente torner\u00e0 con gli aggiornamenti a gennaio, intanto voglio ringraziare tutti i collaboratori e gli amici che contribuiscono ad arricchire e diffondere il nostro lavoro, come dimostra il grande numero di contatti raggiunti in questi anni, ben un milione e 30 mila visitatori unici.Approfittiamo per fare gli auguri di Buone Feste e per un 2021 di salute e serenit\u00e0, dopo la tragedia di questo anno orribile che ha sconvolto l\u2019Italia,<span class=\"excerpt-hellip\"> [\u2026]<\/span><\/p>\n","protected":false},"author":1,"featured_media":3257,"comment_status":"open","ping_status":"open","sticky":false,"template":"","format":"standard","meta":[],"categories":[13],"tags":[],"_links":{"self":[{"href":"http:\/\/www.associazione-apertamente.org\/m\/wp-json\/wp\/v2\/posts\/3256"}],"collection":[{"href":"http:\/\/www.associazione-apertamente.org\/m\/wp-json\/wp\/v2\/posts"}],"about":[{"href":"http:\/\/www.associazione-apertamente.org\/m\/wp-json\/wp\/v2\/types\/post"}],"author":[{"embeddable":true,"href":"http:\/\/www.associazione-apertamente.org\/m\/wp-json\/wp\/v2\/users\/1"}],"replies":[{"embeddable":true,"href":"http:\/\/www.associazione-apertamente.org\/m\/wp-json\/wp\/v2\/comments?post=3256"}],"version-history":[{"count":3,"href":"http:\/\/www.associazione-apertamente.org\/m\/wp-json\/wp\/v2\/posts\/3256\/revisions"}],"predecessor-version":[{"id":3260,"href":"http:\/\/www.associazione-apertamente.org\/m\/wp-json\/wp\/v2\/posts\/3256\/revisions\/3260"}],"wp:featuredmedia":[{"embeddable":true,"href":"http:\/\/www.associazione-apertamente.org\/m\/wp-json\/wp\/v2\/media\/3257"}],"wp:attachment":[{"href":"http:\/\/www.associazione-apertamente.org\/m\/wp-json\/wp\/v2\/media?parent=3256"}],"wp:term":[{"taxonomy":"category","embeddable":true,"href":"http:\/\/www.associazione-apertamente.org\/m\/wp-json\/wp\/v2\/categories?post=3256"},{"taxonomy":"post_tag","embeddable":true,"href":"http:\/\/www.associazione-apertamente.org\/m\/wp-json\/wp\/v2\/tags?post=3256"}],"curies":[{"name":"wp","href":"https:\/\/api.w.org\/{rel}","templated":true}]}}