{"id":3241,"date":"2020-12-13T10:43:46","date_gmt":"2020-12-13T09:43:46","guid":{"rendered":"http:\/\/www.associazione-apertamente.org\/m\/?p=3241"},"modified":"2020-12-13T10:43:47","modified_gmt":"2020-12-13T09:43:47","slug":"ipotesi-per-il-futuro","status":"publish","type":"post","link":"http:\/\/www.associazione-apertamente.org\/m\/2020\/12\/13\/ipotesi-per-il-futuro\/","title":{"rendered":"Ipotesi per il futuro"},"content":{"rendered":"\n<p>di Bianca Della Pietra del 13\/12\/2020<\/p>\n\n\n\n<p>Dal 30 novembre al 15 dicembre il Forum Disuguaglianze e Diversit\u00e0 (in seguito Forum) ha organizzato 16 giornate di interventi dalle 10 alle 19 con proposte, dialoghi e strategie per il Paese di domani. Muovendo dalle proposte elaborate dallo stesso Forum, l\u2019iniziativa ha lo scopo aiutare a indirizzare il Piano di Ripresa e resilienza che l\u2019Italia presenter\u00e0 all\u2019UE.<\/p>\n\n\n\n<p>Gli interventi si possono seguire (e recuperare) sia dalla homepage del Forum che dalla loro pagina Facebook.<\/p>\n\n\n\n<p>Ho potuto seguire alcuni degli interventi, ma soprattutto ho letto il libro che Fabrizio Barca, coordinatore del Forum e Patrizia Luongo, ricercatrice in questa organizzazione, hanno curato e nel quale le proposte vengono esplicitate.<\/p>\n\n\n\n<p>Il libro \u00e8 <em>Un futuro pi\u00f9 giusto Rabbia, conflitto e giustizia sociale<\/em>. Edito da il Mulino, \u00e8 stato pubblicato a maggio 2020.<\/p>\n\n\n\n<p>Si tratta di un testo di grande attualit\u00e0 , anche se a volte, a mio parere un po\u2019utopistico. Ma in questo tempo in cui viviamo la drammatica concretezza della morte quotidiana, una certa dose di utopia aiuta a guardare in alto e lontano, sguardo di cui abbiamo bisogno.<\/p>\n\n\n\n<p>Nel volume si riportano gli esiti degli incontri svoltisi dopo la produzione del Rapporto <em>15 proposte per la giustizia sociale<\/em> del marzo 2019. Questi incontri hanno avuto lo scopo di mettere a terra (nel testo ci sono i paragrafi della \u201cmessa a terra\u201d), cio\u00e8 di concretizzare le proposte. I primi destinatari sono stati gli stessi componenti del Forum e i loro sostenitori e, successivamente, tutti i rappresentanti organizzati e non della societ\u00e0 civile con cui si sono costruite delle alleanze.<\/p>\n\n\n\n<p>Perch\u00e9 ho scelto di raccontarvi questo? Innanzitutto perch\u00e9 avevo sentito parlare del Forum, ho ascoltato Barca a Tolmezzo quando presentava il libro Riabitare l\u2019Italia e sono sempre stata interessata alle dinamiche sociali nel senso di cercare di capirne di pi\u00f9. Non sono sempre in grado di compiere analisi precise con una buona dose di certezza: l\u2019incertezza prevale spesso e la fluidit\u00e0 di Bauman pare essere la costante dei miei pensieri.<\/p>\n\n\n\n<p>Ho quindi apprezzato l\u2019inquadramento che il libro offre, anche dal punto di vista teorico proponendo la lettura del capitalismo secondo Branko Milanovic, dell\u2019ingiustizia sociale dal punto di vista di Amartya Sen (a cui personalmente aggiungerei la traduzione in politiche sociali di Martha Nussbaum) e la proposta dell\u2019istituzione di una dotazione di capitale per i neomaggiorenni che parte dal prelievo progressivo di ricchezza su lasciti e donazioni ricevuti nell\u2019intera vita a partire da una certa soglia, secondo Anthony Atkinson.<\/p>\n\n\n\n<p>Apprezzo molto quando ho la possibilit\u00e0 di percorrere nuove strade di conoscenza e da questo libro ne emergono diverse che consentono al lettore di approfondire ulteriormente i temi.<\/p>\n\n\n\n<p>Il grande tema affrontato \u00e8 la giustizia sociale, che costituisce al tempo stesso la finalit\u00e0 verso la quale tendere. Ma ad essa \u00e8 strettamente legata alla giustizia ambientale: la crisi ecologica che il pianeta sta vivendo accentua gli squilibri sociali. \u201cMolto stretto \u00e8 poi il nesso con il concetto di democrazia. Non solo perch\u00e9 i capisaldi della democrazia sono l\u2019uguaglianza e la sovranit\u00e0 popolare, ma perch\u00e9 il modo per raggiungere entrambi che connota la democrazia \u00e8 quello del &lt;&lt;governo attraverso il dibattito&gt;&gt;. Questo \u00e8 il modo, il solo modo in cui le singole persone possono maturare le proprie ragionevoli aspirazioni, in cui le istanze di giustizia possono essere valutate, e in cui, di volta in volta, si pu\u00f2 decidere cosa \u00e8 &lt;&lt;ingiusto&gt;&gt; e se e come affrontare le disuguaglianze. Per arrivare a una scelta \u00e8 necessario un confronto, e tale confronto deve essere acceso, aperto a valutazioni esterne alla comunit\u00e0 di riferimento, informato e ragionevole, ossia impegnato ad affrontare i punti di vista degli altri.\u201d<a href=\"#_ftn1\">[1]<\/a><\/p>\n\n\n\n<p>La crisi pandemica che dallo scorso febbraio ci attanaglia, trova in fragilit\u00e0 e disuguaglianze degli amplificatori degli effetti.<\/p>\n\n\n\n<p>Il Forum individua 3 opzioni strategiche per costruire l\u2019uscita dalla crisi di cui la giustizia sociale e ambientale per lo sviluppo. Questa deve basarsi su un paradigma diverso da quello che ha governato le scelte di questi anni, ovvero \u201cquello secondo cui basta puntare alla crescita e, prima o poi, le disuguaglianze si ridurranno. Un paradigma che ha fallito nel produrre giustizia sociale e ambientale, e che da noi, anche per le specificit\u00e0 nazionali\u2026, ha fallito anche nel produrre crescita. E allora il nuovo paradigma deve essere, appunto, rovesciato: puntare alla giustizia sociale e ambientale, anche come indirizzi dell\u2019innovazione e dello sviluppo. Una crescita giusta, per capirsi.\u201d<a href=\"#_ftn2\">[2]<\/a><\/p>\n\n\n\n<p>L\u2019ingiustizia sociale viene descritta in termini di disuguaglianze economico-sociali (di difficile stima in Italia per la carenza di informazioni statistiche, frutto della disattenzione al fenomeno), di accesso ai servizi, di riconoscimento, di luogo (territori). Trasversale a tutti i settori \u00e8 la disuguaglianza di genere.<\/p>\n\n\n\n<p>\u00c8 frutto di scelte di indebolimento negoziale del lavoro organizzato e di un cambiamento radicale del senso comune. Queste si possono inquadrare in un contesto pi\u00f9 generale quale la globalizzazione, il cambiamento tecnologico, la liquidit\u00e0 della societ\u00e0. La societ\u00e0 liquida, di cui il possente fenomeno migratorio e l\u2019esplosione delle individualit\u00e0 rappresentano evidenze visibili a tutti, fa emergere anche la difficolt\u00e0 sempre maggiore di rappresentanza democratica del popolo.<\/p>\n\n\n\n<p>Una visione neoliberista autoritaria ha tentato di ricondurre tutto a una visione riduttiva di un NOI identitario e un LORO estraneo che svia dalla presa in carico delle disuguaglianze sociali, anche attraverso erogazioni assistenziali (moltiplicatesi in epoca di pandemia) che per\u00f2 di fatto non toccano i processi di formazione della ricchezza. \u00c8 quindi necessario ricostruire un \u201cpopolo sociale\u201d che sviluppi alleanze a livello territoriale e nazionale. E questo stesso processo riguarda anche l\u2019Unione Europea.<\/p>\n\n\n\n<p>I tre terreni sui quali contrastare le disuguaglianze e concretizzare (mettere a terra) le 15 Proposte sono: il cambiamento tecnologico, il rapporto lavoro-imprenditori e il passaggio generazionale che vengono esaminati dettagliatamente nel libro. Come dicevo in premessa gli spunti di riflessione sono diversi, ci sono anche indicazioni concrete come, ad esempio, &nbsp;il riferimento ad atti di amministrazioni pubbliche e soprattutto c\u2019\u00e8 un\u2019assertivit\u00e0 pervasiva dell\u2019intero testo che risolleva gli animi prospettando che davvero un futuro migliore si possa creare.<\/p>\n\n\n\n<hr class=\"wp-block-separator\"\/>\n\n\n\n<p><a href=\"#_ftnref1\">[1]<\/a> Op. cit. p.31<\/p>\n\n\n\n<p><a href=\"#_ftnref2\">[2]<\/a> idem, p.20<\/p>\n","protected":false},"excerpt":{"rendered":"<p>di Bianca Della Pietra del 13\/12\/2020 Dal 30 novembre al 15 dicembre il Forum Disuguaglianze e Diversit\u00e0 (in seguito Forum) ha organizzato 16 giornate di interventi dalle 10 alle 19 con proposte, dialoghi e strategie per il Paese di domani. Muovendo dalle proposte elaborate dallo stesso Forum, l\u2019iniziativa ha lo scopo aiutare a indirizzare il Piano di Ripresa e resilienza che l\u2019Italia presenter\u00e0 all\u2019UE. Gli interventi si possono seguire (e recuperare) sia dalla homepage del Forum che dalla loro pagina<span class=\"excerpt-hellip\"> [\u2026]<\/span><\/p>\n","protected":false},"author":1,"featured_media":3242,"comment_status":"open","ping_status":"open","sticky":false,"template":"","format":"standard","meta":[],"categories":[12],"tags":[],"_links":{"self":[{"href":"http:\/\/www.associazione-apertamente.org\/m\/wp-json\/wp\/v2\/posts\/3241"}],"collection":[{"href":"http:\/\/www.associazione-apertamente.org\/m\/wp-json\/wp\/v2\/posts"}],"about":[{"href":"http:\/\/www.associazione-apertamente.org\/m\/wp-json\/wp\/v2\/types\/post"}],"author":[{"embeddable":true,"href":"http:\/\/www.associazione-apertamente.org\/m\/wp-json\/wp\/v2\/users\/1"}],"replies":[{"embeddable":true,"href":"http:\/\/www.associazione-apertamente.org\/m\/wp-json\/wp\/v2\/comments?post=3241"}],"version-history":[{"count":1,"href":"http:\/\/www.associazione-apertamente.org\/m\/wp-json\/wp\/v2\/posts\/3241\/revisions"}],"predecessor-version":[{"id":3243,"href":"http:\/\/www.associazione-apertamente.org\/m\/wp-json\/wp\/v2\/posts\/3241\/revisions\/3243"}],"wp:featuredmedia":[{"embeddable":true,"href":"http:\/\/www.associazione-apertamente.org\/m\/wp-json\/wp\/v2\/media\/3242"}],"wp:attachment":[{"href":"http:\/\/www.associazione-apertamente.org\/m\/wp-json\/wp\/v2\/media?parent=3241"}],"wp:term":[{"taxonomy":"category","embeddable":true,"href":"http:\/\/www.associazione-apertamente.org\/m\/wp-json\/wp\/v2\/categories?post=3241"},{"taxonomy":"post_tag","embeddable":true,"href":"http:\/\/www.associazione-apertamente.org\/m\/wp-json\/wp\/v2\/tags?post=3241"}],"curies":[{"name":"wp","href":"https:\/\/api.w.org\/{rel}","templated":true}]}}