{"id":3228,"date":"2020-11-26T17:46:47","date_gmt":"2020-11-26T16:46:47","guid":{"rendered":"http:\/\/www.associazione-apertamente.org\/m\/?p=3228"},"modified":"2020-11-26T17:46:48","modified_gmt":"2020-11-26T16:46:48","slug":"unaltra-storia","status":"publish","type":"post","link":"http:\/\/www.associazione-apertamente.org\/m\/2020\/11\/26\/unaltra-storia\/","title":{"rendered":"Un\u2019altra storia?"},"content":{"rendered":"\n<p>di Carlo Pegorer del 26\/11\/2020<\/p>\n\n\n\n<p>In questi duri mesi il Presidente della Regione non ha mai smesso di stupire.&nbsp;<\/p>\n\n\n\n<p>\u00c8 stato finora protagonista, e chiss\u00e0 cosa ci attende in futuro, di un susseguirsi continuo e irrefrenabile&nbsp;di comparsate radiotelevisive in ogni dove.&nbsp;<\/p>\n\n\n\n<p>Senza contare, poi, lo stillicidio di posizioni assunte in ordine all\u2019evolversi della malattia in regione.&nbsp;<\/p>\n\n\n\n<p>Ebbene, la sua ferma e decisa postura ci ha sempre rassicurato della straordinariet\u00e0 del nostro territorio e avvertito dell\u2019insipienza se non della confusione delle scelte governative.&nbsp;<\/p>\n\n\n\n<p>\u00c8 arrivato al punto di scendere in piazza&nbsp;&nbsp;contro le chiusure di bar e ristoranti, adducendo l\u2019ormai classica tesi secondo cui la sanit\u00e0 non pu\u00f2 far saltare l\u2019economia.&nbsp;<\/p>\n\n\n\n<p>Del resto, in questo delirio comunicativo dai contenuti discutibili si \u00e8 accompagnato spesso e volentieri ai nostri audaci, preparati e solidi vertici dell\u2019imprenditoria regionale che , seppure divisi in due diverse organizzazioni regionali (ahi la specificit\u00e0 friulana) si sono caratterizzati per un\u2019analoga carica antigovernativa al limite del grottesco.&nbsp;<\/p>\n\n\n\n<p>Ora, a fronte della crescita esponenziale dei contagi in Fvg,&nbsp;&nbsp;conseguenti alla seconda&nbsp;&nbsp;ondata, il Presidente,&nbsp;&nbsp;in una delle pi\u00f9 recenti conferenze stampa, se l\u2019\u00e8 presa con \u201cl\u2019irresponsabilit\u00e0\u201d imperante nel territorio della Regione.&nbsp;Insomma, fino a ottobre eravamo i migliori d\u2019Italia poi,forse per colpa anche degli spritz ( sempre questione di specificit\u00e0 friulana), siamo andati in malora e i cittadini irresponsabili hanno contribuito al diffondersi del virus mentre lui combatteva per difendere salute ed economia.<\/p>\n\n\n\n<p>Nessuna parola di autocritica per errori commessi, facili del resto da compiere in una situazione cos\u00ec drammatica.&nbsp;<\/p>\n\n\n\n<p>Nessun richiamo al necessario impegno quotidiano di operatori sanitari e famiglie impegnati a difenderci la salute o chiamate magari ad affrontare le difficili situazioni di affetti strappati o di malati tra i propri cari. Non potendosela sempre prendere con il governo centrale ne\u2019 con i comunisti, che non ci sono pi\u00f9,&nbsp;&nbsp;o, con il classico j\u2019acuse del momento, gli immigrati, si \u00e8 rivolto, con un tenace e deciso rimprovero, nei confronti delle cittadine e dei cittadini poco accorti. Da bravo maestro insomma ha richiamato tutti a stare attenti, perch\u00e9, nonostante la gloriosa e potente macchina regionale da lui guidata e in moto al massimo&nbsp;&nbsp;dei giri, anche il Fvg non \u00e8 immune dalla grave pandemia in atto.<\/p>\n\n\n\n<p>Che dire? Potremmo perfino continuare, ma quanto riportato fin qui risulta pi\u00f9 che sufficiente.<\/p>\n\n\n\n<p>Certo nel Nostro non albergano sobriet\u00e0 e dubbio e il Fvg avrebbe bisogno forse di qualcosa di pi\u00f9, ma tant\u2019\u00e8.<\/p>\n\n\n\n<p>D\u2019altra parte, si potrebbe aprire un altro tema come, a esempio, quello della qualit\u00e0 della classe dirigente&nbsp;&nbsp;ai vari livelli del potere della nostra regione.<\/p>\n\n\n\n<p>Qui, per\u00f2, l\u2019argomento \u00e8 spinoso e potrebbe provocare molti pruriti: \u00e8 meglio prendere atto per intanto di chi \u00e8 l\u2019attuale Presidente della Regione, anche perch\u00e9 il resto \u00e8 tutta un\u2019altra storia o simile?<\/p>\n","protected":false},"excerpt":{"rendered":"<p>di Carlo Pegorer del 26\/11\/2020 In questi duri mesi il Presidente della Regione non ha mai smesso di stupire.&nbsp; \u00c8 stato finora protagonista, e chiss\u00e0 cosa ci attende in futuro, di un susseguirsi continuo e irrefrenabile&nbsp;di comparsate radiotelevisive in ogni dove.&nbsp; Senza contare, poi, lo stillicidio di posizioni assunte in ordine all\u2019evolversi della malattia in regione.&nbsp; Ebbene, la sua ferma e decisa postura ci ha sempre rassicurato della straordinariet\u00e0 del nostro territorio e avvertito dell\u2019insipienza se non della confusione delle<span class=\"excerpt-hellip\"> [\u2026]<\/span><\/p>\n","protected":false},"author":1,"featured_media":3229,"comment_status":"open","ping_status":"open","sticky":false,"template":"","format":"standard","meta":[],"categories":[10],"tags":[],"_links":{"self":[{"href":"http:\/\/www.associazione-apertamente.org\/m\/wp-json\/wp\/v2\/posts\/3228"}],"collection":[{"href":"http:\/\/www.associazione-apertamente.org\/m\/wp-json\/wp\/v2\/posts"}],"about":[{"href":"http:\/\/www.associazione-apertamente.org\/m\/wp-json\/wp\/v2\/types\/post"}],"author":[{"embeddable":true,"href":"http:\/\/www.associazione-apertamente.org\/m\/wp-json\/wp\/v2\/users\/1"}],"replies":[{"embeddable":true,"href":"http:\/\/www.associazione-apertamente.org\/m\/wp-json\/wp\/v2\/comments?post=3228"}],"version-history":[{"count":1,"href":"http:\/\/www.associazione-apertamente.org\/m\/wp-json\/wp\/v2\/posts\/3228\/revisions"}],"predecessor-version":[{"id":3230,"href":"http:\/\/www.associazione-apertamente.org\/m\/wp-json\/wp\/v2\/posts\/3228\/revisions\/3230"}],"wp:featuredmedia":[{"embeddable":true,"href":"http:\/\/www.associazione-apertamente.org\/m\/wp-json\/wp\/v2\/media\/3229"}],"wp:attachment":[{"href":"http:\/\/www.associazione-apertamente.org\/m\/wp-json\/wp\/v2\/media?parent=3228"}],"wp:term":[{"taxonomy":"category","embeddable":true,"href":"http:\/\/www.associazione-apertamente.org\/m\/wp-json\/wp\/v2\/categories?post=3228"},{"taxonomy":"post_tag","embeddable":true,"href":"http:\/\/www.associazione-apertamente.org\/m\/wp-json\/wp\/v2\/tags?post=3228"}],"curies":[{"name":"wp","href":"https:\/\/api.w.org\/{rel}","templated":true}]}}