{"id":3213,"date":"2020-11-26T17:23:02","date_gmt":"2020-11-26T16:23:02","guid":{"rendered":"http:\/\/www.associazione-apertamente.org\/m\/?p=3213"},"modified":"2020-11-26T17:23:03","modified_gmt":"2020-11-26T16:23:03","slug":"gli-archivi-jugoslavi","status":"publish","type":"post","link":"http:\/\/www.associazione-apertamente.org\/m\/2020\/11\/26\/gli-archivi-jugoslavi\/","title":{"rendered":"Gli archivi jugoslavi"},"content":{"rendered":"\n<p>di Federico Tenca Montini del 26\/11\/2020<\/p>\n\n\n\n<p>I numerosi enti archivistici attivi nel territorio dell\u2019ex Jugoslavia, ora pienamente operativi dopo il riordino e la desecretazione di svariati fondi, rappresentano un verto tesoro per capire la storia dei nostri vicini orientali e quella delle nostre stesse terre.<\/p>\n\n\n\n<p>Un tesoro largamente ignorato, con alcune significative eccezioni, dagli studiosi italiani.<\/p>\n\n\n\n<p>L\u2019archivio di Lubiana, estremamente ordinato, raccoglie un\u2019impressionante mole documentale sugli anni della Seconda Guerra mondiale. Stante anche la precariet\u00e0 dei mezzi disponibili all\u2019epoca, molti documenti sono stati trascritti a macchina a partire dagli anni Sessanta e sono ora fruibili in estrema comodit\u00e0. Rispetto alle vicende che stanno a cuore alla storiografia locale sono presenti i documenti delle organizzazioni comuniste triestine, goriziane e monfalconesi fino ed oltre il termine del conflitto, e l\u2019archivio del partito comunista filo jugoslavo sorto dopo la scissione del Cominform, attivo fino al Memorandum di Londra del 1954.<\/p>\n\n\n\n<p>A Zagabria l\u2019Archivio di Stato croato fornisce informazioni utili a capire il funzionamento delle strutture del Partito comunista croato in Istria a partire dall\u2019Armistizio di Cassibile. Di estremo interesse l\u2019archivio della Commissione per le questioni di confine istituita in seno alla Presidenza del governo croato, che raccoglie abbondanti materiali sulle attivit\u00e0 jugoslave nei lavori per la Conferenza di pace, che approdarono al Trattato firmato il 10 febbraio 1947.<\/p>\n\n\n\n<p>Sono inoltre disponibili, su microfilm, i materiali dell\u2019OZNA croata (anche i servizi segreti seguivano l\u2019ordinamento federativo dello Stato), vale a dire la corrispondenza tra le sezioni locali, anche in Istria, e gli uffici centrali a Zagabria.<\/p>\n\n\n\n<p>Infine a Belgrado \u2013 comprensibilmente, trattandosi dell\u2019ex capitale \u2013 l\u2019abbondanza dei materiali \u00e8 tale da disorientare il ricercatore. Oltre all\u2019Archivio diplomatico accessibile presso il Ministero degli Esteri di Serbia, e ai materiali di provenienza militare il quale accesso \u00e8 condizionato ad una serie di misure di sicurezza e impedimenti burocratici, l\u2019Archivio di Jugoslavia offre una mole di documenti a prima vista difficile da quantificare \u2013 dal momento che il solo indice occupa i due grossi armadi che si vedono nella fotografia, a destra. Fra le varie agenzie, uffici e personalit\u00e0 che hanno fatto qui confluire le proprie carte, di particolare interesse il Gabinetto della Presidenza della Repubblica \u2013 vale a dire l\u2019archivio di Tito &#8211; diviso in una quantit\u00e0 di sezioni tematiche o organizzate attorno a questioni specifiche.<\/p>\n\n\n\n<p>In conclusione \u00e8 vero che alcuni fondi risultano dispersi o altrimenti inaccessibili \u2013 l\u2019archivio personale di Kardelj, ad esempio, a Belgrado non si trova pi\u00f9, ma per fortuna \u00e8 disponibile a Lubiana in copia. Si tratta peraltro di una situazione che accomuna svariati contesti \u2013 si pensi alla non piena fruibilit\u00e0 di tanti archivi italiani \u2013 e che non \u00e8 necessariamente sintomo del desiderio di nascondere verit\u00e0 scabrose, ma pi\u00f9 banalmente indice della scarsit\u00e0 di mezzi a disposizione per il funzionamento degli archivi e il faticosissimo riordino dei fondi. Su molte questioni, per\u00f2, importanti indicazioni sono gi\u00e0 contenute nei materiali disponibili che, per la diversa economia degli interessi di ricerca nei Paesi ex jugoslavi, risultano peraltro spesso, limitatamente alle questioni che stanno a cuore da questo lato del confine, inediti.<\/p>\n","protected":false},"excerpt":{"rendered":"<p>di Federico Tenca Montini del 26\/11\/2020 I numerosi enti archivistici attivi nel territorio dell\u2019ex Jugoslavia, ora pienamente operativi dopo il riordino e la desecretazione di svariati fondi, rappresentano un verto tesoro per capire la storia dei nostri vicini orientali e quella delle nostre stesse terre. Un tesoro largamente ignorato, con alcune significative eccezioni, dagli studiosi italiani. L\u2019archivio di Lubiana, estremamente ordinato, raccoglie un\u2019impressionante mole documentale sugli anni della Seconda Guerra mondiale. Stante anche la precariet\u00e0 dei mezzi disponibili all\u2019epoca, molti<span class=\"excerpt-hellip\"> [\u2026]<\/span><\/p>\n","protected":false},"author":1,"featured_media":3214,"comment_status":"open","ping_status":"open","sticky":false,"template":"","format":"standard","meta":[],"categories":[16],"tags":[],"_links":{"self":[{"href":"http:\/\/www.associazione-apertamente.org\/m\/wp-json\/wp\/v2\/posts\/3213"}],"collection":[{"href":"http:\/\/www.associazione-apertamente.org\/m\/wp-json\/wp\/v2\/posts"}],"about":[{"href":"http:\/\/www.associazione-apertamente.org\/m\/wp-json\/wp\/v2\/types\/post"}],"author":[{"embeddable":true,"href":"http:\/\/www.associazione-apertamente.org\/m\/wp-json\/wp\/v2\/users\/1"}],"replies":[{"embeddable":true,"href":"http:\/\/www.associazione-apertamente.org\/m\/wp-json\/wp\/v2\/comments?post=3213"}],"version-history":[{"count":1,"href":"http:\/\/www.associazione-apertamente.org\/m\/wp-json\/wp\/v2\/posts\/3213\/revisions"}],"predecessor-version":[{"id":3215,"href":"http:\/\/www.associazione-apertamente.org\/m\/wp-json\/wp\/v2\/posts\/3213\/revisions\/3215"}],"wp:featuredmedia":[{"embeddable":true,"href":"http:\/\/www.associazione-apertamente.org\/m\/wp-json\/wp\/v2\/media\/3214"}],"wp:attachment":[{"href":"http:\/\/www.associazione-apertamente.org\/m\/wp-json\/wp\/v2\/media?parent=3213"}],"wp:term":[{"taxonomy":"category","embeddable":true,"href":"http:\/\/www.associazione-apertamente.org\/m\/wp-json\/wp\/v2\/categories?post=3213"},{"taxonomy":"post_tag","embeddable":true,"href":"http:\/\/www.associazione-apertamente.org\/m\/wp-json\/wp\/v2\/tags?post=3213"}],"curies":[{"name":"wp","href":"https:\/\/api.w.org\/{rel}","templated":true}]}}