{"id":2997,"date":"2020-05-16T09:23:37","date_gmt":"2020-05-16T07:23:37","guid":{"rendered":"http:\/\/www.associazione-apertamente.org\/m\/?p=2997"},"modified":"2020-05-16T09:23:39","modified_gmt":"2020-05-16T07:23:39","slug":"75-anni-di-primorski-dnevnik","status":"publish","type":"post","link":"http:\/\/www.associazione-apertamente.org\/m\/2020\/05\/16\/75-anni-di-primorski-dnevnik\/","title":{"rendered":"75 anni di Primorski Dnevnik"},"content":{"rendered":"\n<p><strong>di Ale\u0161\u00a0 Waltritsch del 16\/5\/2020<\/strong> &#8211; Si doveva fare! Bisognava contrastare l\u2019invasione nazifascista, tenere alto il morale, far sentire alla popolazione la presenza e la costanza della lotta partigiana, difendere e diffondere i valori di fratellanza, uguaglianza e libert\u00e0. E si doveva tener viva la propria lingua, sottomessa da vent&#8217;anni di tirannia fascista. Fu anche questa la missione del Partizanski dnevnik, quotidiano partigiano nato nel novembre 1943 e stampato in clandestinit\u00e0 nell&#8217;Europa occupata nei boschi non lontano da Gorizia, precursore del Primorski dnevnik, del quale in questi giorni ricorrono i 75 anni di pubblicazione.<\/p>\n\n\n\n<p><\/p>\n\n\n\n<p>Le radici del Primorski dnevnik affondano dunque nella Resistenza, nella giusta lotta per la libert\u00e0 dei popoli, per la pace, nella volont\u00e0 di potersi esprimere nella propria lingua e di valorizzare la propria cultura. Ideali che la comunit\u00e0 slovena ha maturato sin dal secondo Ottocento e primo Novecento, quando gli sloveni della Venezia Giulia potevano gi\u00e0 vantare un proprio quotidiano, l\u2019Edinost, soppresso per ordine delle autorit\u00e0 fasciste nel 1928.<\/p>\n\n\n\n<p>Il primo numero del Primorski dnevnik esce a Trieste, all&#8217;indomani della Liberazione, il 13 maggio 1945. E da allora, ininterrottamente, per tutta la comunit\u00e0 degli Sloveni che vivono nella Regione Friuli Venezia Giulia e non solo rappresenta un insostituibile elemento di riferimento non solo sotto il profilo informativo, ma anche sotto l\u2019aspetto culturale, linguistico e sociale.<\/p>\n\n\n\n<p>Attento osservatore di quanto quotidianamente accade in queste terre, ha saputo nel corso degli anni rappresentare non solo per gli Sloveni che vivono in Italia ma per tutta la comunit\u00e0 regionale e per la Slovenia una voce obiettiva e attenta, portatrice di apertura e confronto, basi necessarie per una crescita comune e attenta a tutti. Nella sua lunga storia il Primorski ha dovuto superare momenti di crisi, ma la voglia e la determinazione di una comunit\u00e0 a mantenere la propria voce storica ha fatto sopravvivere e crescere il giornale. Nel corso degli anni ha saputo aprirsi al mondo che lo circonda, diventando attento ed acuto osservatore di quanto accade nelle terre a cavallo dell&#8217;ex confine.&nbsp;<\/p>\n\n\n\n<p>Una responsabilit\u00e0 a volte non facile, che i giornalisti, la direzione e gli altri operatori del Primorski sentono propria e orgogliosamente affermano quotidianamente. Un lavoro apprezzato, confermato anche dal supporto ricevuto da tutto il mondo culturale, sociale, sindacale e politico regionale, sloveno e nazionale anche due anni fa, quando in Parlamento si volevano cancellare i contributi per l&#8217;editoria. Si, Il bacino di utenza del quotidiano \u00e8 interessante e vivace, ma numericamente limitato. I ricavi derivanti dalla vendita delle copie e dalla pubblicit\u00e0 non sono ovviamente sufficienti a coprire i costi di pubblicazione del giornale e date le scarsissime possibilit\u00e0, per evidenti limiti oggettivi di mercato, di realizzare consistenti incrementi dei ricavi caratteristici, il mantenimento di un adeguato sostegno economico e finanziario, che risponde anche ad un&#8217;ottica di tutela, costituzionalmente espressa e garantita, della minoranza linguistica slovena in Italia, \u00e8 quindi assolutamente indispensabile per la sopravvivenza del giornale. E cos\u00ec, grazie al sostegno di tutti, il contributo pubblico \u00e8 giustamente rimasto.<\/p>\n\n\n\n<p>Il Primorski pu\u00f2 quindi orgogliosamente appuntarsi sul petto il fiore dei 75 anni e guardare avanti. Una redazione giovane, un percorso di sviluppo gi\u00e0 delineato con ovviamente un&#8217;attenzione particolare ai nuovi stimoli che il mondo digitale offre e richiede. Un gruppo di persone coese e consapevoli del peso e del significato del proprio lavoro, orgogliose della parole di sincero apprezzamento che il Presidente della Repubblica Segio Mattarella ha voluto esprimere nel suo intervento pubblicato sul Primorski dnevnik accanto alle altrettanto convincenti parole del Presidente sloveno Pahor mercoled\u00ec 13 maggio, nel numero speciale per i 75 anni, delle quali vanno sen\u2019altro ricordati due passaggi: &nbsp;\u201c<em>Il Primorski dnevnik \u00e8 stato, in questi anni, veicolo di una cultura che ha trovato nella Costituzione repubblicana riconoscimento e tutela, giungendo a promuovere valori di pace e convivenza nel travagliato territorio del confine orientale del nostro Paese<\/em>\u201d&nbsp; e <em>\u201cLa presenza di una voce come il Primorski dnevnik, mentre arricchisce il patrimonio informativo della libera stampa dell\u2019Italia, rappresenta un presidio del pluralismo culturale della Repubblica.\u201d<\/em> Responsabilit\u00e0 delle quali si deve essere orgogliosi e che devono costituire un forte stimolo per il continuo rafforzamento del&nbsp; dialogo tra le comunit\u00e0 italiana e slovena.<\/p>\n","protected":false},"excerpt":{"rendered":"<p>di Ale\u0161\u00a0 Waltritsch del 16\/5\/2020 &#8211; Si doveva fare! Bisognava contrastare l\u2019invasione nazifascista, tenere alto il morale, far sentire alla popolazione la presenza e la costanza della lotta partigiana, difendere e diffondere i valori di fratellanza, uguaglianza e libert\u00e0. E si doveva tener viva la propria lingua, sottomessa da vent&#8217;anni di tirannia fascista. Fu anche questa la missione del Partizanski dnevnik, quotidiano partigiano nato nel novembre 1943 e stampato in clandestinit\u00e0 nell&#8217;Europa occupata nei boschi non lontano da Gorizia, precursore<span class=\"excerpt-hellip\"> [\u2026]<\/span><\/p>\n","protected":false},"author":1,"featured_media":0,"comment_status":"open","ping_status":"open","sticky":false,"template":"","format":"standard","meta":[],"categories":[10],"tags":[],"_links":{"self":[{"href":"http:\/\/www.associazione-apertamente.org\/m\/wp-json\/wp\/v2\/posts\/2997"}],"collection":[{"href":"http:\/\/www.associazione-apertamente.org\/m\/wp-json\/wp\/v2\/posts"}],"about":[{"href":"http:\/\/www.associazione-apertamente.org\/m\/wp-json\/wp\/v2\/types\/post"}],"author":[{"embeddable":true,"href":"http:\/\/www.associazione-apertamente.org\/m\/wp-json\/wp\/v2\/users\/1"}],"replies":[{"embeddable":true,"href":"http:\/\/www.associazione-apertamente.org\/m\/wp-json\/wp\/v2\/comments?post=2997"}],"version-history":[{"count":1,"href":"http:\/\/www.associazione-apertamente.org\/m\/wp-json\/wp\/v2\/posts\/2997\/revisions"}],"predecessor-version":[{"id":2998,"href":"http:\/\/www.associazione-apertamente.org\/m\/wp-json\/wp\/v2\/posts\/2997\/revisions\/2998"}],"wp:attachment":[{"href":"http:\/\/www.associazione-apertamente.org\/m\/wp-json\/wp\/v2\/media?parent=2997"}],"wp:term":[{"taxonomy":"category","embeddable":true,"href":"http:\/\/www.associazione-apertamente.org\/m\/wp-json\/wp\/v2\/categories?post=2997"},{"taxonomy":"post_tag","embeddable":true,"href":"http:\/\/www.associazione-apertamente.org\/m\/wp-json\/wp\/v2\/tags?post=2997"}],"curies":[{"name":"wp","href":"https:\/\/api.w.org\/{rel}","templated":true}]}}