{"id":2995,"date":"2020-05-16T08:27:00","date_gmt":"2020-05-16T06:27:00","guid":{"rendered":"http:\/\/www.associazione-apertamente.org\/m\/?p=2995"},"modified":"2020-05-17T13:33:25","modified_gmt":"2020-05-17T11:33:25","slug":"non-dimentichiamo-la-sanita","status":"publish","type":"post","link":"http:\/\/www.associazione-apertamente.org\/m\/2020\/05\/16\/non-dimentichiamo-la-sanita\/","title":{"rendered":"Non dimentichiamo la sanit\u00e0"},"content":{"rendered":"\n<p><\/p>\n\n\n\n<p><strong>di<\/strong> <strong>Carlo Pegorer da <em>Messaggero Veneto del 16\/5\/2020<\/em><\/strong> &#8211; A ben vedere, finora i commenti delle \u00e9lite regionali (cio\u00e8 dei rappresentanti a vario titolo di associazioni economiche e sociali) sul decreto legge \u201crilancio\u201d sembrano orientati a un parziale cambio di rotta, dopo i tanti rilievi negativi che giornalmente venivano espressi in questi due mesi di emergenza sanitaria sul Governo nazionale, sopratutto da parte delle organizzazioni dei datori di lavoro.<\/p>\n\n\n\n<p><\/p>\n\n\n\n<p><\/p>\n\n\n\n<p>D\u2019altra parte, non potrebbe essere diversamente dal momento che la manovra da 55 miliardi tenta di dare qualche importante ristoro, almeno per l\u2019immediato, alle gravose difficolt\u00e0 emerse in questi mesi a carico di lavoratrici, lavoratori, famiglie e imprese.<\/p>\n\n\n\n<p>Infatti, gli interventi previsti, frutto in parte anche delle pressioni e dei suggerimenti dei vari portatori di interessi, intervengono sostanzialmente su tre grandi fronti con l\u2019impiego di risorse pubbliche che l\u2019Italia democratica non aveva mai visto prima. La manovra, tra l\u2019altro, non dimentica anche il necessario rilancio della domanda interna, promuovendo, a esempio, un primo consistente intervento per il bene casa, cos\u00ec fondamentale nella cultura e nella vita del nostro Paese.<\/p>\n\n\n\n<p>In estrema sintesi, i fronti degli interventi riguardano le condizioni materiali dei lavoratori (cassa integrazione, proroga del no ai licenziamenti, ecc.), delle imprese, a partire dalla cancellazione della rata IRAP di giugno e molto altro, e, infine, ma non da ultimo , la manovra prevede un ulteriore copioso intervento finanziario, dopo quello di marzo e della finanziaria dello scorso dicembre, a rafforzamento della sanit\u00e0 pubblica.<\/p>\n\n\n\n<p>Si tratta di oltre tre miliardi di euro impiegati per incrementare la medicina territoriale, per nuove assunzioni di personale, per rafforzare l\u2019assistenza ospedaliera e per le terapie intensive, anche al fine di rendere pi\u00f9 forte il nostro sistema sanitario contro il Covid.<\/p>\n\n\n\n<p>In cinque mesi il governo ha cos\u00ec deciso di impiegare a favore del rafforzamento della sanit\u00e0 pubblica risorse pari a quelle messe in campo complessivamente nei trascorsi cinque anni.<\/p>\n\n\n\n<p>Va , poi, osservato che le risorse messe a disposizione per la sanit\u00e0 pubblica arriveranno anche nelle<\/p>\n\n\n\n<p>Regioni a Statuto speciale a conferma, per chi aveva dubbi, della necessit\u00e0 indelebile di rendere il nostro sistema sanitario pubblico omogeneo il pi\u00f9 possibile nei vari territori regionali, e ci\u00f2 per rendere davvero esigibili, a tutti e in modo il pi\u00f9 possibile egualitario, i principi fissati dall\u2019articolo 32 della nostra Costituzione.<\/p>\n\n\n\n<p>Qui si apre indubbiamente una riflessione anche in sede regionale che, al netto dei venti di propaganda, deve ormai fare i conti con un\u2019impostazione da rivedere nei suoi assi determinati dalla stessa recente riforma della sanit\u00e0 regionale. La prossima annunciata revisione dello stesso bilancio pu\u00f2 essere perci\u00f2 un\u2019occasione per assumere fino in fondo non solo una rinnovata e attenta responsabilit\u00e0 nella gestione delle risorse nazionali messe a disposizione, ma certo anche per incardinare, a esempio,nuove politiche a sostegno della sanit\u00e0 territoriale .<\/p>\n\n\n\n<p>D\u2019altra parte, l\u2019esperienza di questi mesi ci consegna sicuramente una verit\u00e0 indiscutibile: senza un sistema sanitario pubblico garantito, a prescindere dalle condizioni economiche dei cittadini italiani, le diseguaglianze sociali che la crisi ha determinato si sarebbero di gran lunga accentuate.<\/p>\n\n\n\n<p>Un occhio da dare con attenzione, quindi, a questo copioso provvedimento anche sul versante sanitario, perch\u00e9 questa emergenza ci insegna, ancora, che non potr\u00e0 determinarsi alcun rilancio economico se non sapremo accompagnarlo ad un lavoro costante e duraturo per rafforzare la sanit\u00e0 pubblica sia sul versante della prevenzione che in quello della cura.<\/p>\n","protected":false},"excerpt":{"rendered":"<p>di Carlo Pegorer da Messaggero Veneto del 16\/5\/2020 &#8211; A ben vedere, finora i commenti delle \u00e9lite regionali (cio\u00e8 dei rappresentanti a vario titolo di associazioni economiche e sociali) sul decreto legge \u201crilancio\u201d sembrano orientati a un parziale cambio di rotta, dopo i tanti rilievi negativi che giornalmente venivano espressi in questi due mesi di emergenza sanitaria sul Governo nazionale, sopratutto da parte delle organizzazioni dei datori di lavoro. D\u2019altra parte, non potrebbe essere diversamente dal momento che la manovra<span class=\"excerpt-hellip\"> [\u2026]<\/span><\/p>\n","protected":false},"author":1,"featured_media":0,"comment_status":"open","ping_status":"open","sticky":false,"template":"","format":"standard","meta":[],"categories":[10],"tags":[],"_links":{"self":[{"href":"http:\/\/www.associazione-apertamente.org\/m\/wp-json\/wp\/v2\/posts\/2995"}],"collection":[{"href":"http:\/\/www.associazione-apertamente.org\/m\/wp-json\/wp\/v2\/posts"}],"about":[{"href":"http:\/\/www.associazione-apertamente.org\/m\/wp-json\/wp\/v2\/types\/post"}],"author":[{"embeddable":true,"href":"http:\/\/www.associazione-apertamente.org\/m\/wp-json\/wp\/v2\/users\/1"}],"replies":[{"embeddable":true,"href":"http:\/\/www.associazione-apertamente.org\/m\/wp-json\/wp\/v2\/comments?post=2995"}],"version-history":[{"count":2,"href":"http:\/\/www.associazione-apertamente.org\/m\/wp-json\/wp\/v2\/posts\/2995\/revisions"}],"predecessor-version":[{"id":3023,"href":"http:\/\/www.associazione-apertamente.org\/m\/wp-json\/wp\/v2\/posts\/2995\/revisions\/3023"}],"wp:attachment":[{"href":"http:\/\/www.associazione-apertamente.org\/m\/wp-json\/wp\/v2\/media?parent=2995"}],"wp:term":[{"taxonomy":"category","embeddable":true,"href":"http:\/\/www.associazione-apertamente.org\/m\/wp-json\/wp\/v2\/categories?post=2995"},{"taxonomy":"post_tag","embeddable":true,"href":"http:\/\/www.associazione-apertamente.org\/m\/wp-json\/wp\/v2\/tags?post=2995"}],"curies":[{"name":"wp","href":"https:\/\/api.w.org\/{rel}","templated":true}]}}