{"id":2962,"date":"2020-05-15T17:31:38","date_gmt":"2020-05-15T15:31:38","guid":{"rendered":"http:\/\/www.associazione-apertamente.org\/m\/?p=2962"},"modified":"2020-05-15T18:45:30","modified_gmt":"2020-05-15T16:45:30","slug":"la-nube-di-vapore","status":"publish","type":"post","link":"http:\/\/www.associazione-apertamente.org\/m\/2020\/05\/15\/la-nube-di-vapore\/","title":{"rendered":"La nube di vapore"},"content":{"rendered":"\n<p>di Mario Faraone &#8211; Il volume La nube di vapore raccoglie una scelta dei contributi presentati in occasione delle due giornate di studio organizzate dall\u2019associazione Apertamente di Monfalcone, ovvero Integrazione, nuovo confine? (2 ottobre 2010) e Integrazione e multiculturalit\u00e0: Pregiudizi e stereotipi (25 maggio 2012), incontri che hanno suscitato un vivo interesse sia per gli addetti ai lavori che per il pubblico partecipante, perch\u00e9 \u00e8 apparso chiaro che il tema interculturale va considerato come parte integrante sia di percorsi multidisciplinari di ricerca scientifica e intellettuale, sia del tessuto sociale e culturale della condizione moderna in cui viviamo. Il volume cerca di rispondere a quesiti sempre pi\u00f9 urgenti sul fenomeno migratorio presentando in modo uniforme e coordinato i contributi offerti in occasione dei due convegni, e accompagna il lettore in un percorso di riflessioni su temi fondamentali per l\u2019attualit\u00e0 come la migrazione, lo stereotipo e il pregiudizio, un percorso che, pur illustrando la situazione italiana in generale e l\u2019area del Nord-Est in particolare, non le fa risultare come separate dal contesto storico contemporaneo, ma le inquadra in un panorama pi\u00f9 generale, nel quale queste stesse tematiche sono state affrontate e vissute gi\u00e0 nel passato da altre culture del mondo occidentale.<br>Ad esempio, \u00e8 stata presa in esame la secolare condizione coloniale e imperiale britannica soprattutto dall\u2019Et\u00e0 Vittoriana fino al processo di decolonizzazione e di migrazione \/ ricongiungimento nella seconda met\u00e0 del Ventesimo secolo; e la complessa e articolata coesistenza di etnie e culture diversissime negli Stati Uniti dal periodo dell\u2019Indipendenza fino ai nostri giorni. L\u2019esame di situazioni di questo genere rende possibile al lettore comprendere come molti dei problemi che la popolazione, l\u2019economia e la politica del nostro paese si stanno trovando a vivere, sono in realt\u00e0 gi\u00e0 stati vissuti (e talvolta, anche se non sempre) risolti da altre culture le quali hanno incontrato problemi simili, reagendo pi\u00f9 o meno nello stesso modo di iniziale chiusura e impermeabilit\u00e0 a qualunque penetrazione dell\u2019Altro, barricandosi nel proprio universo cristallizzato e autoreferenziale. Penetrazione che, comunque, a lungo andare c\u2019\u00e8 stata, e che ha prodotto cambiamenti, adattamenti, trasformazioni, in alcuni casi non immuni da traumi e dolori, ma spesso portatori di nuovi equilibri e nuove realt\u00e0 dinamiche.<br>La nube di vapore: saggi e riflessioni su stereotipi, pregiudizi e migrazione \u00e8 un\u2019offerta di possibili stimoli su cui riflettere ulteriormente, in modo che seppure necessari, stereotipi e pregiudizi non rimangano solo un ostacolo alla conoscenza dell\u2019Altro, ma si trasformino invece in uno strumento ulteriore per tentare di comprendere meglio la sostanza relativa, eterogenea e ricchissima della vita umana.<\/p>\n","protected":false},"excerpt":{"rendered":"<p>di Mario Faraone &#8211; Il volume La nube di vapore raccoglie una scelta dei contributi presentati in occasione delle due giornate di studio organizzate dall\u2019associazione Apertamente di Monfalcone, ovvero Integrazione, nuovo confine? (2 ottobre 2010) e Integrazione e multiculturalit\u00e0: Pregiudizi e stereotipi (25 maggio 2012), incontri che hanno suscitato un vivo interesse sia per gli addetti ai lavori che per il pubblico partecipante, perch\u00e9 \u00e8 apparso chiaro che il tema interculturale va considerato come parte integrante sia di percorsi multidisciplinari<span class=\"excerpt-hellip\"> [\u2026]<\/span><\/p>\n","protected":false},"author":1,"featured_media":2893,"comment_status":"open","ping_status":"open","sticky":false,"template":"","format":"image","meta":[],"categories":[17],"tags":[],"_links":{"self":[{"href":"http:\/\/www.associazione-apertamente.org\/m\/wp-json\/wp\/v2\/posts\/2962"}],"collection":[{"href":"http:\/\/www.associazione-apertamente.org\/m\/wp-json\/wp\/v2\/posts"}],"about":[{"href":"http:\/\/www.associazione-apertamente.org\/m\/wp-json\/wp\/v2\/types\/post"}],"author":[{"embeddable":true,"href":"http:\/\/www.associazione-apertamente.org\/m\/wp-json\/wp\/v2\/users\/1"}],"replies":[{"embeddable":true,"href":"http:\/\/www.associazione-apertamente.org\/m\/wp-json\/wp\/v2\/comments?post=2962"}],"version-history":[{"count":1,"href":"http:\/\/www.associazione-apertamente.org\/m\/wp-json\/wp\/v2\/posts\/2962\/revisions"}],"predecessor-version":[{"id":2963,"href":"http:\/\/www.associazione-apertamente.org\/m\/wp-json\/wp\/v2\/posts\/2962\/revisions\/2963"}],"wp:featuredmedia":[{"embeddable":true,"href":"http:\/\/www.associazione-apertamente.org\/m\/wp-json\/wp\/v2\/media\/2893"}],"wp:attachment":[{"href":"http:\/\/www.associazione-apertamente.org\/m\/wp-json\/wp\/v2\/media?parent=2962"}],"wp:term":[{"taxonomy":"category","embeddable":true,"href":"http:\/\/www.associazione-apertamente.org\/m\/wp-json\/wp\/v2\/categories?post=2962"},{"taxonomy":"post_tag","embeddable":true,"href":"http:\/\/www.associazione-apertamente.org\/m\/wp-json\/wp\/v2\/tags?post=2962"}],"curies":[{"name":"wp","href":"https:\/\/api.w.org\/{rel}","templated":true}]}}